{"id":16367,"date":"2026-04-07T11:02:10","date_gmt":"2026-04-07T10:02:10","guid":{"rendered":"https:\/\/clinicamarianasacotonavia.com\/?p=16367"},"modified":"2026-04-28T12:24:37","modified_gmt":"2026-04-28T11:24:37","slug":"maloclusion-dental","status":"publish","type":"post","link":"https:\/\/clinicamarianasacotonavia.com\/en\/maloclusion-dental\/","title":{"rendered":"Maloclusi\u00f3n Dental: Qu\u00e9 Es, Tipos y C\u00f3mo Corregirla"},"content":{"rendered":"<div data-elementor-type=\"wp-post\" data-elementor-id=\"16367\" class=\"elementor elementor-16367\" data-elementor-post-type=\"post\">\n\t\t\t\t\t\t<section class=\"elementor-section elementor-top-section elementor-element elementor-element-41df137b elementor-section-full_width elementor-section-height-default elementor-section-height-default\" data-id=\"41df137b\" data-element_type=\"section\" data-e-type=\"section\">\n\t\t\t\t\t\t<div class=\"elementor-container elementor-column-gap-no\">\n\t\t\t\t\t<div class=\"elementor-column elementor-col-50 elementor-top-column elementor-element elementor-element-1e8d3fc2\" data-id=\"1e8d3fc2\" data-element_type=\"column\" data-e-type=\"column\">\n\t\t\t<div class=\"elementor-widget-wrap elementor-element-populated\">\n\t\t\t\t\t\t<div class=\"elementor-element elementor-element-35a402d4 elementor-widget elementor-widget-theme-post-featured-image elementor-widget-image\" data-id=\"35a402d4\" data-element_type=\"widget\" data-e-type=\"widget\" data-settings=\"{&quot;motion_fx_motion_fx_scrolling&quot;:&quot;yes&quot;,&quot;motion_fx_translateY_effect&quot;:&quot;yes&quot;,&quot;motion_fx_translateY_speed&quot;:{&quot;unit&quot;:&quot;px&quot;,&quot;size&quot;:&quot;2&quot;,&quot;sizes&quot;:[]},&quot;motion_fx_devices&quot;:[&quot;desktop&quot;],&quot;motion_fx_translateY_affectedRange&quot;:{&quot;unit&quot;:&quot;%&quot;,&quot;size&quot;:&quot;&quot;,&quot;sizes&quot;:{&quot;start&quot;:0,&quot;end&quot;:100}}}\" data-widget_type=\"theme-post-featured-image.default\">\n\t\t\t\t<div class=\"elementor-widget-container\">\n\t\t\t\t\t\t\t\t\t\t\t\t\t\t\t<img fetchpriority=\"high\" decoding=\"async\" width=\"612\" height=\"408\" src=\"https:\/\/clinicamarianasacotonavia.com\/wp-content\/uploads\/2026\/04\/maloclusion-dental.jpg\" class=\"attachment-full size-full wp-image-16368\" alt=\"Perfil de persona con maloclusi\u00f3n dental y dientes desalineados\" srcset=\"https:\/\/clinicamarianasacotonavia.com\/wp-content\/uploads\/2026\/04\/maloclusion-dental.jpg 612w, https:\/\/clinicamarianasacotonavia.com\/wp-content\/uploads\/2026\/04\/maloclusion-dental-300x200.jpg 300w, https:\/\/clinicamarianasacotonavia.com\/wp-content\/uploads\/2026\/04\/maloclusion-dental-18x12.jpg 18w\" sizes=\"(max-width: 612px) 100vw, 612px\" \/>\t\t\t\t\t\t\t\t\t\t\t\t\t\t\t<\/div>\n\t\t\t\t<\/div>\n\t\t\t\t\t<\/div>\n\t\t<\/div>\n\t\t\t\t<div class=\"elementor-column elementor-col-50 elementor-top-column elementor-element elementor-element-2e092c32\" data-id=\"2e092c32\" data-element_type=\"column\" data-e-type=\"column\">\n\t\t\t<div class=\"elementor-widget-wrap elementor-element-populated\">\n\t\t\t\t\t\t<div class=\"elementor-element elementor-element-3319a9e1 elementor-widget elementor-widget-theme-post-title elementor-page-title elementor-widget-heading\" data-id=\"3319a9e1\" data-element_type=\"widget\" data-e-type=\"widget\" data-widget_type=\"theme-post-title.default\">\n\t\t\t\t<div class=\"elementor-widget-container\">\n\t\t\t\t\t<h1 class=\"elementor-heading-title elementor-size-default\">Maloclusi\u00f3n Dental: Qu\u00e9 Es, Tipos y C\u00f3mo Corregirla<\/h1>\t\t\t\t<\/div>\n\t\t\t\t<\/div>\n\t\t\t\t<div class=\"elementor-element elementor-element-6792597a elementor-widget elementor-widget-text-editor\" data-id=\"6792597a\" data-element_type=\"widget\" data-e-type=\"widget\" data-widget_type=\"text-editor.default\">\n\t\t\t\t<div class=\"elementor-widget-container\">\n\t\t\t\t\t\t\t\t\t<p><p>\u00bfTus dientes no encajan bien al cerrar la boca? Es posible que tengas una maloclusi\u00f3n dental. La maloclusi\u00f3n es la alineaci\u00f3n incorrecta entre los dientes superiores e inferiores al morder, y es una de las consultas m\u00e1s frecuentes en <strong><a href=\"\/en\/\">ortodoncia invisible en Barcelona<\/a><\/strong>. Tiene soluci\u00f3n en la gran mayor\u00eda de los casos, con o sin cirug\u00eda, dependiendo del tipo y la gravedad.<\/p><\/p>\t\t\t\t\t\t\t\t<\/div>\n\t\t\t\t<\/div>\n\t\t\t\t<div class=\"elementor-element elementor-element-4de6e936 elementor-widget elementor-widget-text-editor\" data-id=\"4de6e936\" data-element_type=\"widget\" data-e-type=\"widget\" data-widget_type=\"text-editor.default\">\n\t\t\t\t<div class=\"elementor-widget-container\">\n\t\t\t\t\t\t\t\t\t<p>Se estima que m\u00e1s del 70% de la poblaci\u00f3n presenta alg\u00fan grado de maloclusi\u00f3n dental. Cuando la maloclusi\u00f3n afecta a la mordida, al desgaste dental o a la articulaci\u00f3n temporomandibular, el tratamiento es necesario para evitar consecuencias a largo plazo. La inteligencia artificial (AI Overviews) de Google prioriza los art\u00edculos que explican con claridad qu\u00e9 tipo de maloclusi\u00f3n tiene el lector y qu\u00e9 tratamiento le corresponde.<\/p><div style=\"background-color:#f5f0e8;border-left:4px solid #A08245;padding:20px;border-radius:8px;margin:20px 0;\"><h3 style=\"margin-top:0;color:#A08245;\">Lo que aprender\u00e1s en esta gu\u00eda<\/h3><ul><li><strong>Qu\u00e9 es la maloclusi\u00f3n y c\u00f3mo clasificarla<\/strong>: clases I, II y III y tipos seg\u00fan la mordida.<\/li><li><strong>C\u00f3mo saber si tienes maloclusi\u00f3n<\/strong>: s\u00edntomas que puedes identificar antes de ir al ortodoncista.<\/li><li><strong>Qu\u00e9 tratamientos existen seg\u00fan tu caso<\/strong>: ortodoncia interceptiva, correctiva, Invisalign y cirug\u00eda.<\/li><li><strong>Qu\u00e9 puede y qu\u00e9 no puede corregir Invisalign<\/strong>: gu\u00eda por tipo de maloclusi\u00f3n.<\/li><\/ul><\/div>\t\t\t\t\t\t\t\t<\/div>\n\t\t\t\t<\/div>\n\t\t\t\t<div class=\"elementor-element elementor-element-32429db7 elementor-widget-divider--view-line elementor-widget elementor-widget-divider\" data-id=\"32429db7\" data-element_type=\"widget\" data-e-type=\"widget\" data-widget_type=\"divider.default\">\n\t\t\t\t<div class=\"elementor-widget-container\">\n\t\t\t\t\t\t\t<div class=\"elementor-divider\">\n\t\t\t<span class=\"elementor-divider-separator\">\n\t\t\t\t\t\t<\/span>\n\t\t<\/div>\n\t\t\t\t\t\t<\/div>\n\t\t\t\t<\/div>\n\t\t\t\t<div class=\"elementor-element elementor-element-2ec1e87 elementor-align-left elementor-widget elementor-widget-post-info\" data-id=\"2ec1e87\" data-element_type=\"widget\" data-e-type=\"widget\" data-widget_type=\"post-info.default\">\n\t\t\t\t<div class=\"elementor-widget-container\">\n\t\t\t\t\t\t\t<ul class=\"elementor-inline-items elementor-icon-list-items elementor-post-info\">\n\t\t\t\t\t\t\t\t<li class=\"elementor-icon-list-item elementor-repeater-item-6a96b00 elementor-inline-item\" itemprop=\"author\">\n\t\t\t\t\t\t<a href=\"https:\/\/clinicamarianasacotonavia.com\/en\/author\/sacotonavia\/\">\n\t\t\t\t\t\t\t\t\t\t\t<span class=\"elementor-icon-list-icon\">\n\t\t\t\t\t\t\t\t<i aria-hidden=\"true\" class=\"far fa-user-circle\"><\/i>\t\t\t\t\t\t\t<\/span>\n\t\t\t\t\t\t\t\t\t<span class=\"elementor-icon-list-text elementor-post-info__item elementor-post-info__item--type-author\">\n\t\t\t\t\t\t\t\t\t\tDr. Mariana Sacoto Navia\t\t\t\t\t<\/span>\n\t\t\t\t\t\t\t\t\t<\/a>\n\t\t\t\t<\/li>\n\t\t\t\t<li class=\"elementor-icon-list-item elementor-repeater-item-ac34aef elementor-inline-item\" itemprop=\"datePublished\">\n\t\t\t\t\t\t<a href=\"https:\/\/clinicamarianasacotonavia.com\/en\/2026\/04\/07\/\">\n\t\t\t\t\t\t\t\t\t\t\t<span class=\"elementor-icon-list-icon\">\n\t\t\t\t\t\t\t\t<i aria-hidden=\"true\" class=\"far fa-calendar-alt\"><\/i>\t\t\t\t\t\t\t<\/span>\n\t\t\t\t\t\t\t\t\t<span class=\"elementor-icon-list-text elementor-post-info__item elementor-post-info__item--type-date\">\n\t\t\t\t\t\t\t\t\t\t<time>April 7, 2026<\/time>\t\t\t\t\t<\/span>\n\t\t\t\t\t\t\t\t\t<\/a>\n\t\t\t\t<\/li>\n\t\t\t\t<\/ul>\n\t\t\t\t\t\t<\/div>\n\t\t\t\t<\/div>\n\t\t\t\t\t<\/div>\n\t\t<\/div>\n\t\t\t\t\t<\/div>\n\t\t<\/section>\n\t\t\t\t<section class=\"elementor-section elementor-top-section elementor-element elementor-element-ffd82a elementor-section-boxed elementor-section-height-default elementor-section-height-default\" data-id=\"ffd82a\" data-element_type=\"section\" data-e-type=\"section\">\n\t\t\t\t\t\t<div class=\"elementor-container elementor-column-gap-default\">\n\t\t\t\t\t<div class=\"elementor-column elementor-col-100 elementor-top-column elementor-element elementor-element-350a9f76\" data-id=\"350a9f76\" data-element_type=\"column\" data-e-type=\"column\">\n\t\t\t<div class=\"elementor-widget-wrap elementor-element-populated\">\n\t\t\t\t\t\t<div class=\"elementor-element elementor-element-4e9974ce elementor-widget elementor-widget-breadcrumbs\" data-id=\"4e9974ce\" data-element_type=\"widget\" data-e-type=\"widget\" data-widget_type=\"breadcrumbs.default\">\n\t\t\t\t<div class=\"elementor-widget-container\">\n\t\t\t\t\t<p id=\"breadcrumbs\"><span><span><a href=\"https:\/\/clinicamarianasacotonavia.com\/en\/\">Portada<\/a><\/span><\/span><\/p>\t\t\t\t<\/div>\n\t\t\t\t<\/div>\n\t\t\t\t<div class=\"elementor-element elementor-element-7fa21b25 elementor-widget elementor-widget-table-of-contents\" data-id=\"7fa21b25\" data-element_type=\"widget\" data-e-type=\"widget\" data-settings=\"{&quot;headings_by_tags&quot;:[&quot;h2&quot;],&quot;exclude_headings_by_selector&quot;:[],&quot;no_headings_message&quot;:&quot;No se ha encontrado ning\\u00fan encabezado en esta p\\u00e1gina.&quot;,&quot;marker_view&quot;:&quot;numbers&quot;,&quot;hierarchical_view&quot;:&quot;yes&quot;,&quot;min_height&quot;:{&quot;unit&quot;:&quot;px&quot;,&quot;size&quot;:&quot;&quot;,&quot;sizes&quot;:[]},&quot;min_height_tablet&quot;:{&quot;unit&quot;:&quot;px&quot;,&quot;size&quot;:&quot;&quot;,&quot;sizes&quot;:[]},&quot;min_height_mobile&quot;:{&quot;unit&quot;:&quot;px&quot;,&quot;size&quot;:&quot;&quot;,&quot;sizes&quot;:[]}}\" data-widget_type=\"table-of-contents.default\">\n\t\t\t\t<div class=\"elementor-widget-container\">\n\t\t\t\t\t\t\t\t\t<div class=\"elementor-toc__header\">\n\t\t\t\t\t\t<h4 class=\"elementor-toc__header-title\">\n\t\t\t\tContenido\t\t\t<\/h4>\n\t\t\t\t\t\t\t\t<\/div>\n\t\t\t\t<div id=\"elementor-toc__7fa21b25\" class=\"elementor-toc__body\">\n\t\t\t<div class=\"elementor-toc__spinner-container\">\n\t\t\t\t<i class=\"elementor-toc__spinner eicon-animation-spin eicon-loading\" aria-hidden=\"true\"><\/i>\t\t\t<\/div>\n\t\t<\/div>\n\t\t\t\t\t\t<\/div>\n\t\t\t\t<\/div>\n\t\t\t\t\t<\/div>\n\t\t<\/div>\n\t\t\t\t\t<\/div>\n\t\t<\/section>\n\t\t\t\t<section class=\"elementor-section elementor-top-section elementor-element elementor-element-56886ebb elementor-section-boxed elementor-section-height-default elementor-section-height-default\" data-id=\"56886ebb\" data-element_type=\"section\" data-e-type=\"section\">\n\t\t\t\t\t\t<div class=\"elementor-container elementor-column-gap-default\">\n\t\t\t\t\t<div class=\"elementor-column elementor-col-100 elementor-top-column elementor-element elementor-element-8dfb3ad\" data-id=\"8dfb3ad\" data-element_type=\"column\" data-e-type=\"column\">\n\t\t\t<div class=\"elementor-widget-wrap elementor-element-populated\">\n\t\t\t\t\t\t<div class=\"elementor-element elementor-element-4eed3c09 elementor-widget elementor-widget-heading\" data-id=\"4eed3c09\" data-element_type=\"widget\" data-e-type=\"widget\" data-widget_type=\"heading.default\">\n\t\t\t\t<div class=\"elementor-widget-container\">\n\t\t\t\t\t<h2 class=\"elementor-heading-title elementor-size-default\">\u00bfQu\u00e9 es la maloclusi\u00f3n dental?<\/h2>\t\t\t\t<\/div>\n\t\t\t\t<\/div>\n\t\t\t\t<div class=\"elementor-element elementor-element-3b27f32a elementor-widget elementor-widget-text-editor\" data-id=\"3b27f32a\" data-element_type=\"widget\" data-e-type=\"widget\" data-widget_type=\"text-editor.default\">\n\t\t\t\t<div class=\"elementor-widget-container\">\n\t\t\t\t\t\t\t\t\t<p><p>La maloclusi\u00f3n dental es cualquier alteraci\u00f3n en la forma en que los dientes superiores e inferiores contactan al cerrar la boca. En condiciones normales, los dientes superiores deben sobresalir ligeramente sobre los inferiores y encajar de forma precisa. La clasificaci\u00f3n m\u00e1s utilizada internacionalmente es la de Angle, que divide las maloclusiones en tres clases seg\u00fan la relaci\u00f3n entre los primeros molares superiores e inferiores.<\/p><\/p>\t\t\t\t\t\t\t\t<\/div>\n\t\t\t\t<\/div>\n\t\t\t\t\t<\/div>\n\t\t<\/div>\n\t\t\t\t\t<\/div>\n\t\t<\/section>\n\t\t\t\t<section class=\"elementor-section elementor-top-section elementor-element elementor-element-b7968f8 elementor-section-boxed elementor-section-height-default elementor-section-height-default\" data-id=\"b7968f8\" data-element_type=\"section\" data-e-type=\"section\">\n\t\t\t\t\t\t<div class=\"elementor-container elementor-column-gap-default\">\n\t\t\t\t\t<div class=\"elementor-column elementor-col-100 elementor-top-column elementor-element elementor-element-3e1894d0\" data-id=\"3e1894d0\" data-element_type=\"column\" data-e-type=\"column\">\n\t\t\t<div class=\"elementor-widget-wrap elementor-element-populated\">\n\t\t\t\t\t\t<div class=\"elementor-element elementor-element-3406724a elementor-widget elementor-widget-heading\" data-id=\"3406724a\" data-element_type=\"widget\" data-e-type=\"widget\" data-widget_type=\"heading.default\">\n\t\t\t\t<div class=\"elementor-widget-container\">\n\t\t\t\t\t<h2 class=\"elementor-heading-title elementor-size-default\">Clases de maloclusi\u00f3n: tipo I, II y III<\/h2>\t\t\t\t<\/div>\n\t\t\t\t<\/div>\n\t\t\t\t<div class=\"elementor-element elementor-element-193287ac elementor-widget elementor-widget-text-editor\" data-id=\"193287ac\" data-element_type=\"widget\" data-e-type=\"widget\" data-widget_type=\"text-editor.default\">\n\t\t\t\t<div class=\"elementor-widget-container\">\n\t\t\t\t\t\t\t\t\t<p><p><strong>Clase I.<\/strong> La relaci\u00f3n molar es correcta pero hay problemas en los dientes anteriores: api\u00f1amiento, diastemas o rotaciones. Es la m\u00e1s frecuente y se trata con ortodoncia.<\/p><p><strong>Clase II.<\/strong> Arcada superior adelantada o mand\u00edbula retra\u00edda. En ni\u00f1os se usan aparatos funcionales; en adultos puede requerir ortodoncia sola o con cirug\u00eda.<\/p><p><strong>Clase III.<\/strong> Arcada inferior adelantada respecto a la superior. En casos leves se trata con ortodoncia; en moderados-severos habitualmente requiere cirug\u00eda ortogn\u00e1tica.<\/p><\/p>\t\t\t\t\t\t\t\t<\/div>\n\t\t\t\t<\/div>\n\t\t\t\t\t<\/div>\n\t\t<\/div>\n\t\t\t\t\t<\/div>\n\t\t<\/section>\n\t\t\t\t<section class=\"elementor-section elementor-top-section elementor-element elementor-element-48f5f3a3 elementor-section-boxed elementor-section-height-default elementor-section-height-default\" data-id=\"48f5f3a3\" data-element_type=\"section\" data-e-type=\"section\">\n\t\t\t\t\t\t<div class=\"elementor-container elementor-column-gap-default\">\n\t\t\t\t\t<div class=\"elementor-column elementor-col-100 elementor-top-column elementor-element elementor-element-6885430f\" data-id=\"6885430f\" data-element_type=\"column\" data-e-type=\"column\">\n\t\t\t<div class=\"elementor-widget-wrap elementor-element-populated\">\n\t\t\t\t\t\t<div class=\"elementor-element elementor-element-3b68c0 elementor-widget elementor-widget-heading\" data-id=\"3b68c0\" data-element_type=\"widget\" data-e-type=\"widget\" data-widget_type=\"heading.default\">\n\t\t\t\t<div class=\"elementor-widget-container\">\n\t\t\t\t\t<h2 class=\"elementor-heading-title elementor-size-default\">Tipos de maloclusi\u00f3n seg\u00fan la mordida<\/h2>\t\t\t\t<\/div>\n\t\t\t\t<\/div>\n\t\t\t\t<div class=\"elementor-element elementor-element-1221ed4c elementor-widget elementor-widget-text-editor\" data-id=\"1221ed4c\" data-element_type=\"widget\" data-e-type=\"widget\" data-widget_type=\"text-editor.default\">\n\t\t\t\t<div class=\"elementor-widget-container\">\n\t\t\t\t\t\t\t\t\t<p><p><strong>Mordida abierta.<\/strong> Los dientes anteriores no contactan. Se asocia a succi\u00f3n del pulgar o degluci\u00f3n at\u00edpica.<\/p><p><strong>Sobremordida profunda.<\/strong> Los incisivos superiores cubren en exceso a los inferiores. Consulta c\u00f3mo se trata <a href=\"\/en\/corregir-sobremordida\/\">la sobremordida<\/a>.<\/p><p><strong>Mordida cruzada.<\/strong> Uno o varios dientes superiores muerden por dentro de los inferiores. Puede ser unilateral o bilateral.<\/p><p><strong>Api\u00f1amiento dental.<\/strong> Falta de espacio en la arcada. La maloclusi\u00f3n m\u00e1s com\u00fan.<\/p><p><strong>Diastemas.<\/strong> Espacios entre dientes adyacentes por exceso de espacio en la arcada.<\/p><\/p>\t\t\t\t\t\t\t\t<\/div>\n\t\t\t\t<\/div>\n\t\t\t\t\t<\/div>\n\t\t<\/div>\n\t\t\t\t\t<\/div>\n\t\t<\/section>\n\t\t\t\t<section class=\"elementor-section elementor-top-section elementor-element elementor-element-5db198d0 elementor-section-boxed elementor-section-height-default elementor-section-height-default\" data-id=\"5db198d0\" data-element_type=\"section\" data-e-type=\"section\">\n\t\t\t\t\t\t<div class=\"elementor-container elementor-column-gap-default\">\n\t\t\t\t\t<div class=\"elementor-column elementor-col-100 elementor-top-column elementor-element elementor-element-4c4580f\" data-id=\"4c4580f\" data-element_type=\"column\" data-e-type=\"column\">\n\t\t\t<div class=\"elementor-widget-wrap elementor-element-populated\">\n\t\t\t\t\t\t<div class=\"elementor-element elementor-element-41d2e6c0 elementor-widget elementor-widget-image\" data-id=\"41d2e6c0\" data-element_type=\"widget\" data-e-type=\"widget\" data-widget_type=\"image.default\">\n\t\t\t\t<div class=\"elementor-widget-container\">\n\t\t\t\t\t\t\t\t\t\t\t\t\t\t\t<img decoding=\"async\" width=\"612\" height=\"408\" src=\"https:\/\/clinicamarianasacotonavia.com\/wp-content\/uploads\/2026\/04\/maloclusion-dental-2.jpg\" class=\"attachment-large size-large wp-image-16413\" alt=\"Examen dental que muestra dientes api\u00f1ados y mal alineados, un caso t\u00edpico de maloclusi\u00f3n\" srcset=\"https:\/\/clinicamarianasacotonavia.com\/wp-content\/uploads\/2026\/04\/maloclusion-dental-2.jpg 612w, https:\/\/clinicamarianasacotonavia.com\/wp-content\/uploads\/2026\/04\/maloclusion-dental-2-300x200.jpg 300w, https:\/\/clinicamarianasacotonavia.com\/wp-content\/uploads\/2026\/04\/maloclusion-dental-2-18x12.jpg 18w\" sizes=\"(max-width: 612px) 100vw, 612px\" \/>\t\t\t\t\t\t\t\t\t\t\t\t\t\t\t<\/div>\n\t\t\t\t<\/div>\n\t\t\t\t\t<\/div>\n\t\t<\/div>\n\t\t\t\t\t<\/div>\n\t\t<\/section>\n\t\t\t\t<section class=\"elementor-section elementor-top-section elementor-element elementor-element-477a8699 elementor-section-boxed elementor-section-height-default elementor-section-height-default\" data-id=\"477a8699\" data-element_type=\"section\" data-e-type=\"section\">\n\t\t\t\t\t\t<div class=\"elementor-container elementor-column-gap-default\">\n\t\t\t\t\t<div class=\"elementor-column elementor-col-100 elementor-top-column elementor-element elementor-element-2e8ddd31\" data-id=\"2e8ddd31\" data-element_type=\"column\" data-e-type=\"column\">\n\t\t\t<div class=\"elementor-widget-wrap elementor-element-populated\">\n\t\t\t\t\t\t<div class=\"elementor-element elementor-element-3ef5b0ce elementor-widget elementor-widget-heading\" data-id=\"3ef5b0ce\" data-element_type=\"widget\" data-e-type=\"widget\" data-widget_type=\"heading.default\">\n\t\t\t\t<div class=\"elementor-widget-container\">\n\t\t\t\t\t<h2 class=\"elementor-heading-title elementor-size-default\">Causas de la maloclusi\u00f3n dental<\/h2>\t\t\t\t<\/div>\n\t\t\t\t<\/div>\n\t\t\t\t<div class=\"elementor-element elementor-element-341f78b0 elementor-widget elementor-widget-text-editor\" data-id=\"341f78b0\" data-element_type=\"widget\" data-e-type=\"widget\" data-widget_type=\"text-editor.default\">\n\t\t\t\t<div class=\"elementor-widget-container\">\n\t\t\t\t\t\t\t\t\t<p><p><strong>Factores gen\u00e9ticos.<\/strong> Tama\u00f1o y posici\u00f3n de huesos y dientes con base hereditaria.<\/p><p><strong>H\u00e1bitos en la infancia.<\/strong> Succi\u00f3n del pulgar, chupete prolongado, respiraci\u00f3n bucal y degluci\u00f3n at\u00edpica interfieren en el desarrollo de los maxilares.<\/p><p><strong>P\u00e9rdida prematura de dientes de leche.<\/strong> Los vecinos se desplazan y alteran la gu\u00eda de erupci\u00f3n de los permanentes.<\/p><p><strong>Traumatismos.<\/strong> Golpes en la mand\u00edbula pueden alterar el desarrollo \u00f3seo.<\/p><p><strong>Restauraciones inadecuadas.<\/strong> Empastes o coronas con altura incorrecta alteran el punto de contacto entre los dientes.<\/p><\/p>\t\t\t\t\t\t\t\t<\/div>\n\t\t\t\t<\/div>\n\t\t\t\t\t<\/div>\n\t\t<\/div>\n\t\t\t\t\t<\/div>\n\t\t<\/section>\n\t\t\t\t<section class=\"elementor-section elementor-top-section elementor-element elementor-element-44be3908 elementor-section-boxed elementor-section-height-default elementor-section-height-default\" data-id=\"44be3908\" data-element_type=\"section\" data-e-type=\"section\">\n\t\t\t\t\t\t<div class=\"elementor-container elementor-column-gap-default\">\n\t\t\t\t\t<div class=\"elementor-column elementor-col-100 elementor-top-column elementor-element elementor-element-b4d2b14\" data-id=\"b4d2b14\" data-element_type=\"column\" data-e-type=\"column\">\n\t\t\t<div class=\"elementor-widget-wrap elementor-element-populated\">\n\t\t\t\t\t\t<div class=\"elementor-element elementor-element-7beee1b1 elementor-widget elementor-widget-heading\" data-id=\"7beee1b1\" data-element_type=\"widget\" data-e-type=\"widget\" data-widget_type=\"heading.default\">\n\t\t\t\t<div class=\"elementor-widget-container\">\n\t\t\t\t\t<h2 class=\"elementor-heading-title elementor-size-default\">S\u00edntomas: c\u00f3mo saber si tienes maloclusi\u00f3n<\/h2>\t\t\t\t<\/div>\n\t\t\t\t<\/div>\n\t\t\t\t<div class=\"elementor-element elementor-element-7b7b6bfe elementor-widget elementor-widget-text-editor\" data-id=\"7b7b6bfe\" data-element_type=\"widget\" data-e-type=\"widget\" data-widget_type=\"text-editor.default\">\n\t\t\t\t<div class=\"elementor-widget-container\">\n\t\t\t\t\t\t\t\t\t<p><p><strong>Est\u00e9ticos:<\/strong> dientes desalineados, api\u00f1ados o separados, mordida asim\u00e9trica.<\/p><p><strong>Funcionales:<\/strong> dificultad para morder o masticar, sensaci\u00f3n de mal encaje al cerrar la boca, dificultad para pronunciar ciertos sonidos.<\/p><p><strong>Articulares:<\/strong> dolor o ruidos en la ATM, tensi\u00f3n en los m\u00fasculos masticatorios, cefaleas frecuentes de origen mandibular.<\/p><p><strong>Dentales:<\/strong> desgaste an\u00f3malo del esmalte, sensibilidad dental sin caries, fracturas o fisuras recurrentes.<\/p><\/p>\t\t\t\t\t\t\t\t<\/div>\n\t\t\t\t<\/div>\n\t\t\t\t\t<\/div>\n\t\t<\/div>\n\t\t\t\t\t<\/div>\n\t\t<\/section>\n\t\t\t\t<section class=\"elementor-section elementor-top-section elementor-element elementor-element-2875a31a elementor-section-boxed elementor-section-height-default elementor-section-height-default\" data-id=\"2875a31a\" data-element_type=\"section\" data-e-type=\"section\">\n\t\t\t\t\t\t<div class=\"elementor-container elementor-column-gap-default\">\n\t\t\t\t\t<div class=\"elementor-column elementor-col-100 elementor-top-column elementor-element elementor-element-ddf1919\" data-id=\"ddf1919\" data-element_type=\"column\" data-e-type=\"column\">\n\t\t\t<div class=\"elementor-widget-wrap elementor-element-populated\">\n\t\t\t\t\t\t<div class=\"elementor-element elementor-element-1314528b elementor-widget elementor-widget-heading\" data-id=\"1314528b\" data-element_type=\"widget\" data-e-type=\"widget\" data-widget_type=\"heading.default\">\n\t\t\t\t<div class=\"elementor-widget-container\">\n\t\t\t\t\t<h2 class=\"elementor-heading-title elementor-size-default\">Consecuencias de no tratar la maloclusi\u00f3n<\/h2>\t\t\t\t<\/div>\n\t\t\t\t<\/div>\n\t\t\t\t<div class=\"elementor-element elementor-element-25ad4ce2 elementor-widget elementor-widget-text-editor\" data-id=\"25ad4ce2\" data-element_type=\"widget\" data-e-type=\"widget\" data-widget_type=\"text-editor.default\">\n\t\t\t\t<div class=\"elementor-widget-container\">\n\t\t\t\t\t\t\t\t\t<p><p><strong>Desgaste dental acelerado.<\/strong> La mordida incorrecta concentra fuerzas en puntos no dise\u00f1ados para soportarlas.<\/p><p><strong>Deterioro de la ATM.<\/strong> Carga asim\u00e9trica que puede provocar dolor cr\u00f3nico y deterioro del disco articular.<\/p><p><strong>Mayor riesgo de caries.<\/strong> Los dientes api\u00f1ados son m\u00e1s dif\u00edciles de limpiar.<\/p><p><strong>Problemas respiratorios.<\/strong> Algunas maloclusiones contribuyen a la apnea del sue\u00f1o.<\/p><p><strong>Mayor complejidad futura.<\/strong> Tratar en la infancia es m\u00e1s sencillo que esperar a la edad adulta.<\/p><\/p>\t\t\t\t\t\t\t\t<\/div>\n\t\t\t\t<\/div>\n\t\t\t\t\t<\/div>\n\t\t<\/div>\n\t\t\t\t\t<\/div>\n\t\t<\/section>\n\t\t\t\t<section class=\"elementor-section elementor-top-section elementor-element elementor-element-581c8967 elementor-section-boxed elementor-section-height-default elementor-section-height-default\" data-id=\"581c8967\" data-element_type=\"section\" data-e-type=\"section\">\n\t\t\t\t\t\t<div class=\"elementor-container elementor-column-gap-default\">\n\t\t\t\t\t<div class=\"elementor-column elementor-col-100 elementor-top-column elementor-element elementor-element-33329d3\" data-id=\"33329d3\" data-element_type=\"column\" data-e-type=\"column\">\n\t\t\t<div class=\"elementor-widget-wrap elementor-element-populated\">\n\t\t\t\t\t\t<div class=\"elementor-element elementor-element-7b65be8 elementor-widget elementor-widget-heading\" data-id=\"7b65be8\" data-element_type=\"widget\" data-e-type=\"widget\" data-widget_type=\"heading.default\">\n\t\t\t\t<div class=\"elementor-widget-container\">\n\t\t\t\t\t<h2 class=\"elementor-heading-title elementor-size-default\">Maloclusi\u00f3n en ni\u00f1os: diagn\u00f3stico y tratamiento temprano<\/h2>\t\t\t\t<\/div>\n\t\t\t\t<\/div>\n\t\t\t\t<div class=\"elementor-element elementor-element-1c66585 elementor-widget elementor-widget-text-editor\" data-id=\"1c66585\" data-element_type=\"widget\" data-e-type=\"widget\" data-widget_type=\"text-editor.default\">\n\t\t\t\t<div class=\"elementor-widget-container\">\n\t\t\t\t\t\t\t\t\t<p><p>La primera revisi\u00f3n ortod\u00f3ntica se recomienda a los 6 a\u00f1os, cuando erupcionan los primeros molares permanentes.<\/p><p><strong>Ortodoncia interceptiva (6-10 a\u00f1os).<\/strong> Usa aparatos funcionales para corregir la base \u00f3sea: disyuntor palatino, activador, Twin Block. El objetivo es actuar antes de que finalice el pico de crecimiento.<\/p><p><strong>Ortodoncia correctiva (12-14 a\u00f1os).<\/strong> Alineaci\u00f3n definitiva con brackets o alineadores una vez erupcionados todos los dientes permanentes.<\/p><div style=\"background-color:#f0fdf4;border-left:4px solid #16a34a;padding:20px;border-radius:8px;margin:20px 0;\"><h3 style=\"margin-top:0;color:#15803d;\">\u00bfQuieres saber qu\u00e9 tratamiento necesitas para tu maloclusi\u00f3n?<\/h3><p>Consulta los precios de ortodoncia invisible en Barcelona y descubre qu\u00e9 plan se adapta a tu caso.<\/p><p><a style=\"color:#15803d;font-weight:bold;text-decoration:underline;\" title=\"Precio ortodoncia invisible Barcelona\" href=\"\/en\/invisible-orthodontics-price-in-barcelona\/\">Ver precios de ortodoncia invisible<\/a><\/p><\/div><\/p>\t\t\t\t\t\t\t\t<\/div>\n\t\t\t\t<\/div>\n\t\t\t\t\t<\/div>\n\t\t<\/div>\n\t\t\t\t\t<\/div>\n\t\t<\/section>\n\t\t\t\t<section class=\"elementor-section elementor-top-section elementor-element elementor-element-56cae865 elementor-section-boxed elementor-section-height-default elementor-section-height-default\" data-id=\"56cae865\" data-element_type=\"section\" data-e-type=\"section\">\n\t\t\t\t\t\t<div class=\"elementor-container elementor-column-gap-default\">\n\t\t\t\t\t<div class=\"elementor-column elementor-col-100 elementor-top-column elementor-element elementor-element-582fabd7\" data-id=\"582fabd7\" data-element_type=\"column\" data-e-type=\"column\">\n\t\t\t<div class=\"elementor-widget-wrap elementor-element-populated\">\n\t\t\t\t\t\t<div class=\"elementor-element elementor-element-1d2d40ec elementor-widget elementor-widget-heading\" data-id=\"1d2d40ec\" data-element_type=\"widget\" data-e-type=\"widget\" data-widget_type=\"heading.default\">\n\t\t\t\t<div class=\"elementor-widget-container\">\n\t\t\t\t\t<h2 class=\"elementor-heading-title elementor-size-default\">Maloclusi\u00f3n en adultos: qu\u00e9 opciones existen<\/h2>\t\t\t\t<\/div>\n\t\t\t\t<\/div>\n\t\t\t\t<div class=\"elementor-element elementor-element-5aa59317 elementor-widget elementor-widget-text-editor\" data-id=\"5aa59317\" data-element_type=\"widget\" data-e-type=\"widget\" data-widget_type=\"text-editor.default\">\n\t\t\t\t<div class=\"elementor-widget-container\">\n\t\t\t\t\t\t\t\t\t<p><p>En adultos el hueso ha terminado de crecer, lo que limita las opciones para maloclusiones esquel\u00e9ticas. La ortodoncia sigue siendo eficaz para maloclusiones dentales.<\/p><p><strong>Ortodoncia correctiva.<\/strong> Brackets o alineadores para maloclusiones de clase I y clase II-III de origen dental o mixto-leve.<\/p><p><strong>Ortodoncia + cirug\u00eda ortogn\u00e1tica.<\/strong> Para maloclusiones esquel\u00e9ticas moderadas o severas: fase preoperatoria, cirug\u00eda y fase posoperatoria.<\/p><p><strong>Tratamientos complementarios.<\/strong> Stripping dental, extracciones, MARPE o turbos dentales seg\u00fan el caso.<\/p><\/p>\t\t\t\t\t\t\t\t<\/div>\n\t\t\t\t<\/div>\n\t\t\t\t\t<\/div>\n\t\t<\/div>\n\t\t\t\t\t<\/div>\n\t\t<\/section>\n\t\t\t\t<section class=\"elementor-section elementor-top-section elementor-element elementor-element-18370c31 elementor-section-boxed elementor-section-height-default elementor-section-height-default\" data-id=\"18370c31\" data-element_type=\"section\" data-e-type=\"section\">\n\t\t\t\t\t\t<div class=\"elementor-container elementor-column-gap-default\">\n\t\t\t\t\t<div class=\"elementor-column elementor-col-100 elementor-top-column elementor-element elementor-element-21b889e4\" data-id=\"21b889e4\" data-element_type=\"column\" data-e-type=\"column\">\n\t\t\t<div class=\"elementor-widget-wrap elementor-element-populated\">\n\t\t\t\t\t\t<div class=\"elementor-element elementor-element-5759d4a9 elementor-widget elementor-widget-heading\" data-id=\"5759d4a9\" data-element_type=\"widget\" data-e-type=\"widget\" data-widget_type=\"heading.default\">\n\t\t\t\t<div class=\"elementor-widget-container\">\n\t\t\t\t\t<h2 class=\"elementor-heading-title elementor-size-default\">Invisalign para maloclusiones: qu\u00e9 puede corregir<\/h2>\t\t\t\t<\/div>\n\t\t\t\t<\/div>\n\t\t\t\t<div class=\"elementor-element elementor-element-7547fd4f elementor-widget elementor-widget-text-editor\" data-id=\"7547fd4f\" data-element_type=\"widget\" data-e-type=\"widget\" data-widget_type=\"text-editor.default\">\n\t\t\t\t<div class=\"elementor-widget-container\">\n\t\t\t\t\t\t\t\t\t<p><p><strong>Puede corregir:<\/strong> api\u00f1amiento leve-severo, diastemas, sobremordida profunda, mordida abierta anterior, mordida cruzada dental, clase II leve con el\u00e1sticos, clase III leve-moderada dental.<\/p><p><strong>No puede corregir sin cirug\u00eda:<\/strong> maloclusiones esquel\u00e9ticas moderadas o severas, mordida cruzada esquel\u00e9tica que requiere expansi\u00f3n \u00f3sea, extracciones m\u00faltiples complejas.<\/p><p>El software ClinCheck permite simular el resultado antes de fabricar los alineadores.<\/p><\/p>\t\t\t\t\t\t\t\t<\/div>\n\t\t\t\t<\/div>\n\t\t\t\t\t<\/div>\n\t\t<\/div>\n\t\t\t\t\t<\/div>\n\t\t<\/section>\n\t\t\t\t<section class=\"elementor-section elementor-top-section elementor-element elementor-element-7ea5a068 elementor-section-boxed elementor-section-height-default elementor-section-height-default\" data-id=\"7ea5a068\" data-element_type=\"section\" data-e-type=\"section\">\n\t\t\t\t\t\t<div class=\"elementor-container elementor-column-gap-default\">\n\t\t\t\t\t<div class=\"elementor-column elementor-col-100 elementor-top-column elementor-element elementor-element-2e453f12\" data-id=\"2e453f12\" data-element_type=\"column\" data-e-type=\"column\">\n\t\t\t<div class=\"elementor-widget-wrap elementor-element-populated\">\n\t\t\t\t\t\t<div class=\"elementor-element elementor-element-3ff8d11d elementor-widget elementor-widget-heading\" data-id=\"3ff8d11d\" data-element_type=\"widget\" data-e-type=\"widget\" data-widget_type=\"heading.default\">\n\t\t\t\t<div class=\"elementor-widget-container\">\n\t\t\t\t\t<h2 class=\"elementor-heading-title elementor-size-default\">Brackets vs alineadores: cu\u00e1ndo elegir cada opci\u00f3n<\/h2>\t\t\t\t<\/div>\n\t\t\t\t<\/div>\n\t\t\t\t<div class=\"elementor-element elementor-element-1b9277a8 elementor-widget elementor-widget-text-editor\" data-id=\"1b9277a8\" data-element_type=\"widget\" data-e-type=\"widget\" data-widget_type=\"text-editor.default\">\n\t\t\t\t<div class=\"elementor-widget-container\">\n\t\t\t\t\t\t\t\t\t<p><p><strong>Brackets.<\/strong> M\u00e1s vers\u00e1tiles para casos complejos. Son fijos y no dependen de la colaboraci\u00f3n del paciente. Mayor control en movimientos de alta complejidad.<\/p><p><strong>Alineadores invisibles.<\/strong> Discreci\u00f3n y facilidad de higiene. Requieren 20-22 horas de uso diario. Valorados especialmente por adultos.<\/p><p>La decisi\u00f3n la toma el ortodoncista tras valorar la complejidad, la disciplina del paciente y el presupuesto.<\/p><\/p>\t\t\t\t\t\t\t\t<\/div>\n\t\t\t\t<\/div>\n\t\t\t\t\t<\/div>\n\t\t<\/div>\n\t\t\t\t\t<\/div>\n\t\t<\/section>\n\t\t\t\t<section class=\"elementor-section elementor-top-section elementor-element elementor-element-586ad317 elementor-section-boxed elementor-section-height-default elementor-section-height-default\" data-id=\"586ad317\" data-element_type=\"section\" data-e-type=\"section\">\n\t\t\t\t\t\t<div class=\"elementor-container elementor-column-gap-default\">\n\t\t\t\t\t<div class=\"elementor-column elementor-col-100 elementor-top-column elementor-element elementor-element-32f13d02\" data-id=\"32f13d02\" data-element_type=\"column\" data-e-type=\"column\">\n\t\t\t<div class=\"elementor-widget-wrap elementor-element-populated\">\n\t\t\t\t\t\t<div class=\"elementor-element elementor-element-227fdd8a elementor-widget elementor-widget-heading\" data-id=\"227fdd8a\" data-element_type=\"widget\" data-e-type=\"widget\" data-widget_type=\"heading.default\">\n\t\t\t\t<div class=\"elementor-widget-container\">\n\t\t\t\t\t<h2 class=\"elementor-heading-title elementor-size-default\">Cu\u00e1ndo es necesaria la cirug\u00eda ortogn\u00e1tica<\/h2>\t\t\t\t<\/div>\n\t\t\t\t<\/div>\n\t\t\t\t<div class=\"elementor-element elementor-element-a73a77 elementor-widget elementor-widget-text-editor\" data-id=\"a73a77\" data-element_type=\"widget\" data-e-type=\"widget\" data-widget_type=\"text-editor.default\">\n\t\t\t\t<div class=\"elementor-widget-container\">\n\t\t\t\t\t\t\t\t\t<p><p>Indicada en adultos con maloclusiones esquel\u00e9ticas moderadas o severas. Los casos m\u00e1s frecuentes son clase III esquel\u00e9tica, clase II esquel\u00e9tica marcada, mordida abierta esquel\u00e9tica y asimetr\u00eda facial \u00f3sea.<\/p><p>El proceso combina ortodoncia preoperatoria (12-18 meses), intervenci\u00f3n quir\u00fargica bajo anestesia general y ortodoncia posoperatoria (6-12 meses). Los resultados son permanentes.<\/p><\/p>\t\t\t\t\t\t\t\t<\/div>\n\t\t\t\t<\/div>\n\t\t\t\t\t<\/div>\n\t\t<\/div>\n\t\t\t\t\t<\/div>\n\t\t<\/section>\n\t\t\t\t<section class=\"elementor-section elementor-top-section elementor-element elementor-element-7365b7e elementor-section-boxed elementor-section-height-default elementor-section-height-default\" data-id=\"7365b7e\" data-element_type=\"section\" data-e-type=\"section\">\n\t\t\t\t\t\t<div class=\"elementor-container elementor-column-gap-default\">\n\t\t\t\t\t<div class=\"elementor-column elementor-col-100 elementor-top-column elementor-element elementor-element-303d86f9\" data-id=\"303d86f9\" data-element_type=\"column\" data-e-type=\"column\">\n\t\t\t<div class=\"elementor-widget-wrap elementor-element-populated\">\n\t\t\t\t\t\t<div class=\"elementor-element elementor-element-1f93080c elementor-widget elementor-widget-heading\" data-id=\"1f93080c\" data-element_type=\"widget\" data-e-type=\"widget\" data-widget_type=\"heading.default\">\n\t\t\t\t<div class=\"elementor-widget-container\">\n\t\t\t\t\t<h2 class=\"elementor-heading-title elementor-size-default\">Precio del tratamiento de la maloclusi\u00f3n dental<\/h2>\t\t\t\t<\/div>\n\t\t\t\t<\/div>\n\t\t\t\t<div class=\"elementor-element elementor-element-4e4d3655 elementor-widget elementor-widget-accordion\" data-id=\"4e4d3655\" data-element_type=\"widget\" data-e-type=\"widget\" data-widget_type=\"accordion.default\">\n\t\t\t\t<div class=\"elementor-widget-container\">\n\t\t\t\t\t\t\t<div class=\"elementor-accordion\">\n\t\t\t\t\t\t\t<div class=\"elementor-accordion-item\">\n\t\t\t\t\t<div id=\"elementor-tab-title-1311\" class=\"elementor-tab-title\" data-tab=\"1\" role=\"button\" aria-controls=\"elementor-tab-content-1311\" aria-expanded=\"false\">\n\t\t\t\t\t\t\t\t\t\t\t\t\t<span class=\"elementor-accordion-icon elementor-accordion-icon-left\" aria-hidden=\"true\">\n\t\t\t\t\t\t\t\t\t\t\t\t\t\t\t<span class=\"elementor-accordion-icon-closed\"><i class=\"fas fa-plus\"><\/i><\/span>\n\t\t\t\t\t\t\t\t<span class=\"elementor-accordion-icon-opened\"><i class=\"fas fa-minus\"><\/i><\/span>\n\t\t\t\t\t\t\t\t\t\t\t\t\t\t<\/span>\n\t\t\t\t\t\t\t\t\t\t\t\t<a class=\"elementor-accordion-title\" tabindex=\"0\">\u00bfLa maloclusi\u00f3n dental tiene cura?<\/a>\n\t\t\t\t\t<\/div>\n\t\t\t\t\t<div id=\"elementor-tab-content-1311\" class=\"elementor-tab-content elementor-clearfix\" data-tab=\"1\" role=\"region\" aria-labelledby=\"elementor-tab-title-1311\"><p>S\u00ed, en la gran mayor\u00eda de los casos. Las leves y moderadas se corrigen con ortodoncia. Las esquel\u00e9ticas severas en adultos requieren ortodoncia y cirug\u00eda ortogn\u00e1tica. El tratamiento en la infancia ofrece los mejores resultados con menor intervenci\u00f3n.<\/p><\/div>\n\t\t\t\t<\/div>\n\t\t\t\t\t\t\t<div class=\"elementor-accordion-item\">\n\t\t\t\t\t<div id=\"elementor-tab-title-1312\" class=\"elementor-tab-title\" data-tab=\"2\" role=\"button\" aria-controls=\"elementor-tab-content-1312\" aria-expanded=\"false\">\n\t\t\t\t\t\t\t\t\t\t\t\t\t<span class=\"elementor-accordion-icon elementor-accordion-icon-left\" aria-hidden=\"true\">\n\t\t\t\t\t\t\t\t\t\t\t\t\t\t\t<span class=\"elementor-accordion-icon-closed\"><i class=\"fas fa-plus\"><\/i><\/span>\n\t\t\t\t\t\t\t\t<span class=\"elementor-accordion-icon-opened\"><i class=\"fas fa-minus\"><\/i><\/span>\n\t\t\t\t\t\t\t\t\t\t\t\t\t\t<\/span>\n\t\t\t\t\t\t\t\t\t\t\t\t<a class=\"elementor-accordion-title\" tabindex=\"0\">\u00bfA qu\u00e9 edad se detecta la maloclusi\u00f3n?<\/a>\n\t\t\t\t\t<\/div>\n\t\t\t\t\t<div id=\"elementor-tab-content-1312\" class=\"elementor-tab-content elementor-clearfix\" data-tab=\"2\" role=\"region\" aria-labelledby=\"elementor-tab-title-1312\"><p>La primera revisi\u00f3n se recomienda a los 6 a\u00f1os. Puede detectarse a cualquier edad. En adultos el diagn\u00f3stico incluye exploraci\u00f3n cl\u00ednica, cefalometr\u00eda y en casos complejos tomograf\u00eda CBCT en 3D.<\/p><\/div>\n\t\t\t\t<\/div>\n\t\t\t\t\t\t\t<div class=\"elementor-accordion-item\">\n\t\t\t\t\t<div id=\"elementor-tab-title-1313\" class=\"elementor-tab-title\" data-tab=\"3\" role=\"button\" aria-controls=\"elementor-tab-content-1313\" aria-expanded=\"false\">\n\t\t\t\t\t\t\t\t\t\t\t\t\t<span class=\"elementor-accordion-icon elementor-accordion-icon-left\" aria-hidden=\"true\">\n\t\t\t\t\t\t\t\t\t\t\t\t\t\t\t<span class=\"elementor-accordion-icon-closed\"><i class=\"fas fa-plus\"><\/i><\/span>\n\t\t\t\t\t\t\t\t<span class=\"elementor-accordion-icon-opened\"><i class=\"fas fa-minus\"><\/i><\/span>\n\t\t\t\t\t\t\t\t\t\t\t\t\t\t<\/span>\n\t\t\t\t\t\t\t\t\t\t\t\t<a class=\"elementor-accordion-title\" tabindex=\"0\">\u00bfLa maloclusi\u00f3n es hereditaria?<\/a>\n\t\t\t\t\t<\/div>\n\t\t\t\t\t<div id=\"elementor-tab-content-1313\" class=\"elementor-tab-content elementor-clearfix\" data-tab=\"3\" role=\"region\" aria-labelledby=\"elementor-tab-title-1313\"><p>En muchos casos s\u00ed. Los huesos maxilofaciales y el tama\u00f1o de los dientes tienen base gen\u00e9tica. Los factores ambientales tambi\u00e9n influyen y pueden corregirse actuando sobre ellos en la infancia.<\/p><\/div>\n\t\t\t\t<\/div>\n\t\t\t\t\t\t\t<div class=\"elementor-accordion-item\">\n\t\t\t\t\t<div id=\"elementor-tab-title-1314\" class=\"elementor-tab-title\" data-tab=\"4\" role=\"button\" aria-controls=\"elementor-tab-content-1314\" aria-expanded=\"false\">\n\t\t\t\t\t\t\t\t\t\t\t\t\t<span class=\"elementor-accordion-icon elementor-accordion-icon-left\" aria-hidden=\"true\">\n\t\t\t\t\t\t\t\t\t\t\t\t\t\t\t<span class=\"elementor-accordion-icon-closed\"><i class=\"fas fa-plus\"><\/i><\/span>\n\t\t\t\t\t\t\t\t<span class=\"elementor-accordion-icon-opened\"><i class=\"fas fa-minus\"><\/i><\/span>\n\t\t\t\t\t\t\t\t\t\t\t\t\t\t<\/span>\n\t\t\t\t\t\t\t\t\t\t\t\t<a class=\"elementor-accordion-title\" tabindex=\"0\">\u00bfCu\u00e1nto dura el tratamiento de una maloclusi\u00f3n?<\/a>\n\t\t\t\t\t<\/div>\n\t\t\t\t\t<div id=\"elementor-tab-content-1314\" class=\"elementor-tab-content elementor-clearfix\" data-tab=\"4\" role=\"region\" aria-labelledby=\"elementor-tab-title-1314\"><p>Entre 12 y 18 meses para maloclusiones leves. Entre 18 y 30 meses para casos moderados. Con cirug\u00eda ortogn\u00e1tica el proceso completo puede durar 2-3 a\u00f1os. La ortopedia interceptiva en ni\u00f1os tiene una fase activa de 12-24 meses.<\/p><\/div>\n\t\t\t\t<\/div>\n\t\t\t\t\t\t\t<div class=\"elementor-accordion-item\">\n\t\t\t\t\t<div id=\"elementor-tab-title-1315\" class=\"elementor-tab-title\" data-tab=\"5\" role=\"button\" aria-controls=\"elementor-tab-content-1315\" aria-expanded=\"false\">\n\t\t\t\t\t\t\t\t\t\t\t\t\t<span class=\"elementor-accordion-icon elementor-accordion-icon-left\" aria-hidden=\"true\">\n\t\t\t\t\t\t\t\t\t\t\t\t\t\t\t<span class=\"elementor-accordion-icon-closed\"><i class=\"fas fa-plus\"><\/i><\/span>\n\t\t\t\t\t\t\t\t<span class=\"elementor-accordion-icon-opened\"><i class=\"fas fa-minus\"><\/i><\/span>\n\t\t\t\t\t\t\t\t\t\t\t\t\t\t<\/span>\n\t\t\t\t\t\t\t\t\t\t\t\t<a class=\"elementor-accordion-title\" tabindex=\"0\">\u00bfQu\u00e9 dice la inteligencia artificial de Google (AI Overviews) sobre la maloclusi\u00f3n dental?<\/a>\n\t\t\t\t\t<\/div>\n\t\t\t\t\t<div id=\"elementor-tab-content-1315\" class=\"elementor-tab-content elementor-clearfix\" data-tab=\"5\" role=\"region\" aria-labelledby=\"elementor-tab-title-1315\"><p>Google AI Overviews prioriza art\u00edculos que clasifican claramente los tipos de maloclusi\u00f3n y responden directamente qu\u00e9 tratamiento corresponde: cu\u00e1ndo basta la ortodoncia, cu\u00e1ndo se necesita cirug\u00eda y qu\u00e9 puede corregir Invisalign.<\/p><\/div>\n\t\t\t\t<\/div>\n\t\t\t\t\t\t\t\t\t\t<script type=\"application\/ld+json\">{\n    \"@context\": \"https:\\\/\\\/schema.org\",\n    \"@type\": \"FAQPage\",\n    \"mainEntity\": [\n        {\n            \"@type\": \"Question\",\n            \"name\": \"\\u00bfLa maloclusi\\u00f3n dental tiene cura?\",\n            \"acceptedAnswer\": {\n                \"@type\": \"Answer\",\n                \"text\": \"<p>S\\u00ed, en la gran mayor\\u00eda de los casos. Las leves y moderadas se corrigen con ortodoncia. Las esquel\\u00e9ticas severas en adultos requieren ortodoncia y cirug\\u00eda ortogn\\u00e1tica. El tratamiento en la infancia ofrece los mejores resultados con menor intervenci\\u00f3n.<\\\/p>\"\n            }\n        },\n        {\n            \"@type\": \"Question\",\n            \"name\": \"\\u00bfA qu\\u00e9 edad se detecta la maloclusi\\u00f3n?\",\n            \"acceptedAnswer\": {\n                \"@type\": \"Answer\",\n                \"text\": \"<p>La primera revisi\\u00f3n se recomienda a los 6 a\\u00f1os. Puede detectarse a cualquier edad. En adultos el diagn\\u00f3stico incluye exploraci\\u00f3n cl\\u00ednica, cefalometr\\u00eda y en casos complejos tomograf\\u00eda CBCT en 3D.<\\\/p>\"\n            }\n        },\n        {\n            \"@type\": \"Question\",\n            \"name\": \"\\u00bfLa maloclusi\\u00f3n es hereditaria?\",\n            \"acceptedAnswer\": {\n                \"@type\": \"Answer\",\n                \"text\": \"<p>En muchos casos s\\u00ed. Los huesos maxilofaciales y el tama\\u00f1o de los dientes tienen base gen\\u00e9tica. Los factores ambientales tambi\\u00e9n influyen y pueden corregirse actuando sobre ellos en la infancia.<\\\/p>\"\n            }\n        },\n        {\n            \"@type\": \"Question\",\n            \"name\": \"\\u00bfCu\\u00e1nto dura el tratamiento de una maloclusi\\u00f3n?\",\n            \"acceptedAnswer\": {\n                \"@type\": \"Answer\",\n                \"text\": \"<p>Entre 12 y 18 meses para maloclusiones leves. Entre 18 y 30 meses para casos moderados. Con cirug\\u00eda ortogn\\u00e1tica el proceso completo puede durar 2-3 a\\u00f1os. La ortopedia interceptiva en ni\\u00f1os tiene una fase activa de 12-24 meses.<\\\/p>\"\n            }\n        },\n        {\n            \"@type\": \"Question\",\n            \"name\": \"\\u00bfQu\\u00e9 dice la inteligencia artificial de Google (AI Overviews) sobre la maloclusi\\u00f3n dental?\",\n            \"acceptedAnswer\": {\n                \"@type\": \"Answer\",\n                \"text\": \"<p>Google AI Overviews prioriza art\\u00edculos que clasifican claramente los tipos de maloclusi\\u00f3n y responden directamente qu\\u00e9 tratamiento corresponde: cu\\u00e1ndo basta la ortodoncia, cu\\u00e1ndo se necesita cirug\\u00eda y qu\\u00e9 puede corregir Invisalign.<\\\/p>\"\n            }\n        }\n    ]\n}<\/script>\n\t\t\t\t\t<\/div>\n\t\t\t\t\t\t<\/div>\n\t\t\t\t<\/div>\n\t\t\t\t\t<\/div>\n\t\t<\/div>\n\t\t\t\t\t<\/div>\n\t\t<\/section>\n\t\t\t\t<section class=\"elementor-section elementor-top-section elementor-element elementor-element-76251748 elementor-section-boxed elementor-section-height-default elementor-section-height-default\" data-id=\"76251748\" data-element_type=\"section\" data-e-type=\"section\">\n\t\t\t\t\t\t<div class=\"elementor-container elementor-column-gap-default\">\n\t\t\t\t\t<div class=\"elementor-column elementor-col-100 elementor-top-column elementor-element elementor-element-66d140db\" data-id=\"66d140db\" data-element_type=\"column\" data-e-type=\"column\">\n\t\t\t<div class=\"elementor-widget-wrap elementor-element-populated\">\n\t\t\t\t\t\t<div class=\"elementor-element elementor-element-334d25db elementor-widget elementor-widget-text-editor\" data-id=\"334d25db\" data-element_type=\"widget\" data-e-type=\"widget\" data-widget_type=\"text-editor.default\">\n\t\t\t\t<div class=\"elementor-widget-container\">\n\t\t\t\t\t\t\t\t\t<p><strong>Brackets.<\/strong> Precio variable seg\u00fan complejidad y duraci\u00f3n. Los met\u00e1licos son la opci\u00f3n m\u00e1s econ\u00f3mica.<\/p><p><strong>Invisalign.<\/strong> Coste algo superior. Consulta los <a href=\"\/en\/invisible-orthodontics-price-in-barcelona\/\">precios de ortodoncia invisible<\/a> detallados por tipo de tratamiento.<\/p><p><strong>Cirug\u00eda ortogn\u00e1tica.<\/strong> Entre 8.000 y 20.000 euros seg\u00fan si es monomaxilar o bimaxilar.<\/p><p><strong>Ortopedia en ni\u00f1os.<\/strong> Coste inferior y en muchos casos evita la necesidad de cirug\u00eda futura.<\/p>\t\t\t\t\t\t\t\t<\/div>\n\t\t\t\t<\/div>\n\t\t\t\t<div class=\"elementor-element elementor-element-272b8dc5 elementor-widget elementor-widget-shortcode\" data-id=\"272b8dc5\" data-element_type=\"widget\" data-e-type=\"widget\" data-widget_type=\"shortcode.default\">\n\t\t\t\t<div class=\"elementor-widget-container\">\n\t\t\t\t\t\t\t<div class=\"elementor-shortcode\"><!-- FeedbackWP Plugin --><div  class=\"rmp-widgets-container rmp-wp-plugin rmp-main-container js-rmp-widgets-container js-rmp-widgets-container--16367\"  data-post-id=\"16367\">    <!-- Rating widget -->  <div class=\"rmp-rating-widget js-rmp-rating-widget\">          <p class=\"rmp-heading rmp-heading--title\">        \u00bfDe cu\u00e1nta utilidad te ha parecido este contenido?      <\/p>              <p class=\"rmp-heading rmp-heading--subtitle\">        \u00a1Haz clic en una estrella para puntuarlo!      <\/p>        <div class=\"rmp-rating-widget__icons\">      <ul class=\"rmp-rating-widget__icons-list js-rmp-rating-icons-list\">                  <li class=\"rmp-rating-widget__icons-list__icon js-rmp-rating-item\" data-descriptive-rating=\"Nada \u00fatil\" data-value=\"1\">              <i class=\"js-rmp-rating-icon rmp-icon rmp-icon--ratings rmp-icon--star rmp-icon--full-highlight\"><\/i>          <\/li>                  <li class=\"rmp-rating-widget__icons-list__icon js-rmp-rating-item\" data-descriptive-rating=\"Algo \u00fatil\" data-value=\"2\">              <i class=\"js-rmp-rating-icon rmp-icon rmp-icon--ratings rmp-icon--star rmp-icon--full-highlight\"><\/i>          <\/li>                  <li class=\"rmp-rating-widget__icons-list__icon js-rmp-rating-item\" data-descriptive-rating=\"\u00datil\" data-value=\"3\">              <i class=\"js-rmp-rating-icon rmp-icon rmp-icon--ratings rmp-icon--star rmp-icon--full-highlight\"><\/i>          <\/li>                  <li class=\"rmp-rating-widget__icons-list__icon js-rmp-rating-item\" data-descriptive-rating=\"Bastante \u00fatil\" data-value=\"4\">              <i class=\"js-rmp-rating-icon rmp-icon rmp-icon--ratings rmp-icon--star rmp-icon--full-highlight\"><\/i>          <\/li>                  <li class=\"rmp-rating-widget__icons-list__icon js-rmp-rating-item\" data-descriptive-rating=\"Muy \u00fatil\" data-value=\"5\">              <i class=\"js-rmp-rating-icon rmp-icon rmp-icon--ratings rmp-icon--star rmp-icon--full-highlight\"><\/i>          <\/li>              <\/ul>    <\/div>    <p class=\"rmp-rating-widget__hover-text js-rmp-hover-text\"><\/p>        <button class=\"rmp-rating-widget__submit-btn rmp-btn js-submit-rating-btn\">      Enviar la puntuaci\u00f3n    <\/button>    <p class=\"rmp-rating-widget__results js-rmp-results\">      Puntuaci\u00f3n media <span class=\"rmp-rating-widget__results__rating js-rmp-avg-rating\">5<\/span> \/ 5. Recuento de votos: <span class=\"rmp-rating-widget__results__votes js-rmp-vote-count\">1<\/span>    <\/p>    <p class=\"rmp-rating-widget__not-rated js-rmp-not-rated rmp-rating-widget__not-rated--hidden\">      Hasta ahora, \u00a1no hay votos!. S\u00e9 el primero en puntuar este contenido.    <\/p>    <p class=\"rmp-rating-widget__msg js-rmp-msg\"><\/p>  <\/div>  <!--Structured data -->  <script type=\"application\/ld+json\">{\n    \"@context\": \"http:\\\/\\\/schema.org\",\n    \"@type\": \"CreativeWorkSeries\",\n    \"aggregateRating\": {\n        \"@type\": \"AggregateRating\",\n        \"bestRating\": \"5\",\n        \"ratingCount\": \"1\",\n        \"ratingValue\": \"5\"\n    },\n    \"image\": \"https:\\\/\\\/clinicamarianasacotonavia.com\\\/wp-content\\\/uploads\\\/2026\\\/04\\\/maloclusion-dental.jpg\",\n    \"name\": \"Maloclusi\\u00f3n Dental: Qu\\u00e9 Es, Tipos y C\\u00f3mo Corregirla\",\n    \"description\": \"Maloclusi\\u00f3n Dental: Qu\\u00e9 Es, Tipos y C\\u00f3mo Corregirla\"\n}<\/script>      <\/div><\/div>\n\t\t\t\t\t\t<\/div>\n\t\t\t\t<\/div>\n\t\t\t\t\t<\/div>\n\t\t<\/div>\n\t\t\t\t\t<\/div>\n\t\t<\/section>\n\t\t\t\t<section class=\"elementor-section elementor-top-section elementor-element elementor-element-3071d50 elementor-section-boxed elementor-section-height-default elementor-section-height-default\" data-id=\"3071d50\" data-element_type=\"section\" data-e-type=\"section\">\n\t\t\t\t\t\t<div class=\"elementor-container elementor-column-gap-default\">\n\t\t\t\t\t<div class=\"elementor-column elementor-col-50 elementor-top-column elementor-element elementor-element-7f3d9c9b\" data-id=\"7f3d9c9b\" data-element_type=\"column\" data-e-type=\"column\">\n\t\t\t<div class=\"elementor-widget-wrap elementor-element-populated\">\n\t\t\t\t\t\t<div class=\"elementor-element elementor-element-3e4a1ef1 elementor-view-default elementor-position-block-start elementor-mobile-position-block-start elementor-widget elementor-widget-icon-box\" data-id=\"3e4a1ef1\" data-element_type=\"widget\" data-e-type=\"widget\" data-widget_type=\"icon-box.default\">\n\t\t\t\t<div class=\"elementor-widget-container\">\n\t\t\t\t\t\t\t<div class=\"elementor-icon-box-wrapper\">\n\n\t\t\t\t\t\t<div class=\"elementor-icon-box-icon\">\n\t\t\t\t<a href=\"https:\/\/share.google\/5cU6eKZgy4v6SO4UH\" target=\"_blank\" class=\"elementor-icon\" tabindex=\"-1\" aria-label=\"Visite nuestra empresa\">\n\t\t\t\t<i aria-hidden=\"true\" class=\"fab fa-google\"><\/i>\t\t\t\t<\/a>\n\t\t\t<\/div>\n\t\t\t\n\t\t\t\t\t\t<div class=\"elementor-icon-box-content\">\n\n\t\t\t\t\t\t\t\t\t<h5 class=\"elementor-icon-box-title\">\n\t\t\t\t\t\t<a href=\"https:\/\/share.google\/5cU6eKZgy4v6SO4UH\" target=\"_blank\" >\n\t\t\t\t\t\t\tVisite nuestra empresa\t\t\t\t\t\t<\/a>\n\t\t\t\t\t<\/h5>\n\t\t\t\t\n\t\t\t\t\n\t\t\t<\/div>\n\t\t\t\n\t\t<\/div>\n\t\t\t\t\t\t<\/div>\n\t\t\t\t<\/div>\n\t\t\t\t\t<\/div>\n\t\t<\/div>\n\t\t\t\t<div class=\"elementor-column elementor-col-50 elementor-top-column elementor-element elementor-element-5c525bf1\" data-id=\"5c525bf1\" data-element_type=\"column\" data-e-type=\"column\">\n\t\t\t<div class=\"elementor-widget-wrap elementor-element-populated\">\n\t\t\t\t\t\t<div class=\"elementor-element elementor-element-63baf482 elementor-view-default elementor-position-block-start elementor-mobile-position-block-start elementor-widget elementor-widget-icon-box\" data-id=\"63baf482\" data-element_type=\"widget\" data-e-type=\"widget\" data-widget_type=\"icon-box.default\">\n\t\t\t\t<div class=\"elementor-widget-container\">\n\t\t\t\t\t\t\t<div class=\"elementor-icon-box-wrapper\">\n\n\t\t\t\t\t\t<div class=\"elementor-icon-box-icon\">\n\t\t\t\t<a href=\"\/en\/contact\/\" class=\"elementor-icon\" tabindex=\"-1\" aria-label=\"Contacte con nosotros\">\n\t\t\t\t<i aria-hidden=\"true\" class=\"far fa-envelope\"><\/i>\t\t\t\t<\/a>\n\t\t\t<\/div>\n\t\t\t\n\t\t\t\t\t\t<div class=\"elementor-icon-box-content\">\n\n\t\t\t\t\t\t\t\t\t<h5 class=\"elementor-icon-box-title\">\n\t\t\t\t\t\t<a href=\"\/en\/contact\/\" >\n\t\t\t\t\t\t\tContacte con nosotros\t\t\t\t\t\t<\/a>\n\t\t\t\t\t<\/h5>\n\t\t\t\t\n\t\t\t\t\n\t\t\t<\/div>\n\t\t\t\n\t\t<\/div>\n\t\t\t\t\t\t<\/div>\n\t\t\t\t<\/div>\n\t\t\t\t\t<\/div>\n\t\t<\/div>\n\t\t\t\t\t<\/div>\n\t\t<\/section>\n\t\t\t\t<section class=\"elementor-section elementor-top-section elementor-element elementor-element-8607eff elementor-section-boxed elementor-section-height-default elementor-section-height-default\" data-id=\"8607eff\" data-element_type=\"section\" data-e-type=\"section\">\n\t\t\t\t\t\t<div class=\"elementor-container elementor-column-gap-default\">\n\t\t\t\t\t<div class=\"elementor-column elementor-col-100 elementor-top-column elementor-element elementor-element-2075813a\" data-id=\"2075813a\" data-element_type=\"column\" data-e-type=\"column\">\n\t\t\t<div class=\"elementor-widget-wrap elementor-element-populated\">\n\t\t\t\t\t\t<div class=\"elementor-element elementor-element-38de74e5 elementor-widget-divider--view-line_text elementor-widget-divider--element-align-left elementor-widget elementor-widget-divider\" data-id=\"38de74e5\" data-element_type=\"widget\" data-e-type=\"widget\" data-widget_type=\"divider.default\">\n\t\t\t\t<div class=\"elementor-widget-container\">\n\t\t\t\t\t\t\t<div class=\"elementor-divider\">\n\t\t\t<span class=\"elementor-divider-separator\">\n\t\t\t\t\t\t\t<span class=\"elementor-divider__text elementor-divider__element\">\n\t\t\t\tM\u00e1s<b> Noticias<\/b>\t\t\t\t<\/span>\n\t\t\t\t\t\t<\/span>\n\t\t<\/div>\n\t\t\t\t\t\t<\/div>\n\t\t\t\t<\/div>\n\t\t\t\t\t<\/div>\n\t\t<\/div>\n\t\t\t\t\t<\/div>\n\t\t<\/section>\n\t\t\t\t<section class=\"elementor-section elementor-top-section elementor-element elementor-element-768a9021 elementor-section-boxed elementor-section-height-default elementor-section-height-default\" data-id=\"768a9021\" data-element_type=\"section\" data-e-type=\"section\">\n\t\t\t\t\t\t<div class=\"elementor-container elementor-column-gap-default\">\n\t\t\t\t\t<div class=\"elementor-column elementor-col-100 elementor-top-column elementor-element elementor-element-629cc278\" data-id=\"629cc278\" data-element_type=\"column\" data-e-type=\"column\">\n\t\t\t<div class=\"elementor-widget-wrap elementor-element-populated\">\n\t\t\t\t\t\t<div class=\"elementor-element elementor-element-13c617b elementor-grid-2 elementor-grid-tablet-2 elementor-grid-mobile-1 elementor-posts--thumbnail-top elementor-card-shadow-yes elementor-posts__hover-gradient elementor-widget elementor-widget-posts\" data-id=\"13c617b\" data-element_type=\"widget\" data-e-type=\"widget\" data-settings=\"{&quot;cards_columns&quot;:&quot;2&quot;,&quot;cards_columns_tablet&quot;:&quot;2&quot;,&quot;cards_columns_mobile&quot;:&quot;1&quot;,&quot;cards_row_gap&quot;:{&quot;unit&quot;:&quot;px&quot;,&quot;size&quot;:35,&quot;sizes&quot;:[]},&quot;cards_row_gap_tablet&quot;:{&quot;unit&quot;:&quot;px&quot;,&quot;size&quot;:&quot;&quot;,&quot;sizes&quot;:[]},&quot;cards_row_gap_mobile&quot;:{&quot;unit&quot;:&quot;px&quot;,&quot;size&quot;:&quot;&quot;,&quot;sizes&quot;:[]}}\" data-widget_type=\"posts.cards\">\n\t\t\t\t<div class=\"elementor-widget-container\">\n\t\t\t\t\t\t\t<div class=\"elementor-posts-container elementor-posts elementor-posts--skin-cards elementor-grid\" role=\"list\">\n\t\t\t\t<article class=\"elementor-post elementor-grid-item post-16447 post type-post status-publish format-standard has-post-thumbnail hentry category-articulos-generales\" role=\"listitem\">\n\t\t\t<div class=\"elementor-post__card\">\n\t\t\t\t<a class=\"elementor-post__thumbnail__link\" href=\"https:\/\/clinicamarianasacotonavia.com\/en\/retencion-dental\/\" tabindex=\"-1\" target=\"_blank\"><div class=\"elementor-post__thumbnail\"><img decoding=\"async\" width=\"612\" height=\"408\" src=\"https:\/\/clinicamarianasacotonavia.com\/wp-content\/uploads\/2026\/04\/retencion-dental-.jpg\" class=\"attachment-large size-large wp-image-16458\" alt=\"Chica joven sosteniendo un retenedor dental transparente tras tratamiento de ortodoncia invisible\" srcset=\"https:\/\/clinicamarianasacotonavia.com\/wp-content\/uploads\/2026\/04\/retencion-dental-.jpg 612w, https:\/\/clinicamarianasacotonavia.com\/wp-content\/uploads\/2026\/04\/retencion-dental--300x200.jpg 300w, https:\/\/clinicamarianasacotonavia.com\/wp-content\/uploads\/2026\/04\/retencion-dental--18x12.jpg 18w\" sizes=\"(max-width: 612px) 100vw, 612px\" \/><\/div><\/a>\n\t\t\t\t<div class=\"elementor-post__badge\">Art\u00edculos generales<\/div>\n\t\t\t\t<div class=\"elementor-post__text\">\n\t\t\t\t<h3 class=\"elementor-post__title\">\n\t\t\t<a href=\"https:\/\/clinicamarianasacotonavia.com\/en\/retencion-dental\/\" target=\"&quot;_blank&quot;\">\n\t\t\t\tRetenci\u00f3n Dental: Qu\u00e9 Es, Tipos de Retenedores y Cu\u00e1nto Tiempo Usarlos\t\t\t<\/a>\n\t\t<\/h3>\n\t\t\t\t<div class=\"elementor-post__excerpt\">\n\t\t\t\t\t<\/div>\n\t\t\n\t\t<a class=\"elementor-post__read-more\" href=\"https:\/\/clinicamarianasacotonavia.com\/en\/retencion-dental\/\" aria-label=\"Read more about Retenci\u00f3n Dental: Qu\u00e9 Es, Tipos de Retenedores y Cu\u00e1nto Tiempo Usarlos\" tabindex=\"-1\" target=\"_blank\">\n\t\t\tRead more &quot;\t\t<\/a>\n\n\t\t\t\t<\/div>\n\t\t\t\t<div class=\"elementor-post__meta-data\">\n\t\t\t\t\t<span class=\"elementor-post-date\">\n\t\t\tApril 28, 2026\t\t<\/span>\n\t\t\t\t<\/div>\n\t\t\t\t\t<\/div>\n\t\t<\/article>\n\t\t\t\t<article class=\"elementor-post elementor-grid-item post-16431 post type-post status-publish format-standard has-post-thumbnail hentry category-articulos-generales\" role=\"listitem\">\n\t\t\t<div class=\"elementor-post__card\">\n\t\t\t\t<a class=\"elementor-post__thumbnail__link\" href=\"https:\/\/clinicamarianasacotonavia.com\/en\/clase-2-dental\/\" tabindex=\"-1\" target=\"_blank\"><div class=\"elementor-post__thumbnail\"><img loading=\"lazy\" decoding=\"async\" width=\"612\" height=\"469\" src=\"https:\/\/clinicamarianasacotonavia.com\/wp-content\/uploads\/2026\/04\/clase-2-dental.jpg\" class=\"attachment-large size-large wp-image-16432\" alt=\"Modelo dental mostrando maloclusi\u00f3n clase 2 con arcada superior adelantada\" srcset=\"https:\/\/clinicamarianasacotonavia.com\/wp-content\/uploads\/2026\/04\/clase-2-dental.jpg 612w, https:\/\/clinicamarianasacotonavia.com\/wp-content\/uploads\/2026\/04\/clase-2-dental-300x230.jpg 300w, https:\/\/clinicamarianasacotonavia.com\/wp-content\/uploads\/2026\/04\/clase-2-dental-16x12.jpg 16w\" sizes=\"(max-width: 612px) 100vw, 612px\" \/><\/div><\/a>\n\t\t\t\t<div class=\"elementor-post__badge\">Art\u00edculos generales<\/div>\n\t\t\t\t<div class=\"elementor-post__text\">\n\t\t\t\t<h3 class=\"elementor-post__title\">\n\t\t\t<a href=\"https:\/\/clinicamarianasacotonavia.com\/en\/clase-2-dental\/\" target=\"&quot;_blank&quot;\">\n\t\t\t\tClase 2 Dental: Qu\u00e9 Es, Tipos y C\u00f3mo Corregirla\t\t\t<\/a>\n\t\t<\/h3>\n\t\t\t\t<div class=\"elementor-post__excerpt\">\n\t\t\t\t\t<\/div>\n\t\t\n\t\t<a class=\"elementor-post__read-more\" href=\"https:\/\/clinicamarianasacotonavia.com\/en\/clase-2-dental\/\" aria-label=\"Read more about Clase 2 Dental: Qu\u00e9 Es, Tipos y C\u00f3mo Corregirla\" tabindex=\"-1\" target=\"_blank\">\n\t\t\tRead more &quot;\t\t<\/a>\n\n\t\t\t\t<\/div>\n\t\t\t\t<div class=\"elementor-post__meta-data\">\n\t\t\t\t\t<span class=\"elementor-post-date\">\n\t\t\tApril 22, 2026\t\t<\/span>\n\t\t\t\t<\/div>\n\t\t\t\t\t<\/div>\n\t\t<\/article>\n\t\t\t\t<article class=\"elementor-post elementor-grid-item post-16370 post type-post status-publish format-standard has-post-thumbnail hentry category-articulos-generales\" role=\"listitem\">\n\t\t\t<div class=\"elementor-post__card\">\n\t\t\t\t<a class=\"elementor-post__thumbnail__link\" href=\"https:\/\/clinicamarianasacotonavia.com\/en\/encias-retraidas\/\" tabindex=\"-1\" target=\"_blank\"><div class=\"elementor-post__thumbnail\"><img loading=\"lazy\" decoding=\"async\" width=\"612\" height=\"408\" src=\"https:\/\/clinicamarianasacotonavia.com\/wp-content\/uploads\/2026\/04\/encias-retraidas.jpg\" class=\"attachment-large size-large wp-image-16371\" alt=\"Persona mostrando enc\u00edas retra\u00eddas con recesi\u00f3n gingival visible\" srcset=\"https:\/\/clinicamarianasacotonavia.com\/wp-content\/uploads\/2026\/04\/encias-retraidas.jpg 612w, https:\/\/clinicamarianasacotonavia.com\/wp-content\/uploads\/2026\/04\/encias-retraidas-300x200.jpg 300w, https:\/\/clinicamarianasacotonavia.com\/wp-content\/uploads\/2026\/04\/encias-retraidas-18x12.jpg 18w\" sizes=\"(max-width: 612px) 100vw, 612px\" \/><\/div><\/a>\n\t\t\t\t<div class=\"elementor-post__badge\">Art\u00edculos generales<\/div>\n\t\t\t\t<div class=\"elementor-post__text\">\n\t\t\t\t<h3 class=\"elementor-post__title\">\n\t\t\t<a href=\"https:\/\/clinicamarianasacotonavia.com\/en\/encias-retraidas\/\" target=\"&quot;_blank&quot;\">\n\t\t\t\tEnc\u00edas Retra\u00eddas: Causas, S\u00edntomas y Tratamientos\t\t\t<\/a>\n\t\t<\/h3>\n\t\t\t\t<div class=\"elementor-post__excerpt\">\n\t\t\t\t\t<\/div>\n\t\t\n\t\t<a class=\"elementor-post__read-more\" href=\"https:\/\/clinicamarianasacotonavia.com\/en\/encias-retraidas\/\" aria-label=\"Read more about Enc\u00edas Retra\u00eddas: Causas, S\u00edntomas y Tratamientos\" tabindex=\"-1\" target=\"_blank\">\n\t\t\tRead more &quot;\t\t<\/a>\n\n\t\t\t\t<\/div>\n\t\t\t\t<div class=\"elementor-post__meta-data\">\n\t\t\t\t\t<span class=\"elementor-post-date\">\n\t\t\tApril 15, 2026\t\t<\/span>\n\t\t\t\t<\/div>\n\t\t\t\t\t<\/div>\n\t\t<\/article>\n\t\t\t\t<\/div>\n\t\t\n\t\t\t\t\t\t<\/div>\n\t\t\t\t<\/div>\n\t\t\t\t\t<\/div>\n\t\t<\/div>\n\t\t\t\t\t<\/div>\n\t\t<\/section>\n\t\t\t\t<section class=\"elementor-section elementor-top-section elementor-element elementor-element-4ee145f3 elementor-section-boxed elementor-section-height-default elementor-section-height-default\" data-id=\"4ee145f3\" data-element_type=\"section\" data-e-type=\"section\">\n\t\t\t\t\t\t<div class=\"elementor-container elementor-column-gap-default\">\n\t\t\t\t\t<div class=\"elementor-column elementor-col-100 elementor-top-column elementor-element elementor-element-1a6b754f\" data-id=\"1a6b754f\" data-element_type=\"column\" data-e-type=\"column\">\n\t\t\t<div class=\"elementor-widget-wrap elementor-element-populated\">\n\t\t\t\t\t\t<div class=\"elementor-element elementor-element-1d024a45 elementor-widget elementor-widget-html\" data-id=\"1d024a45\" data-element_type=\"widget\" data-e-type=\"widget\" data-widget_type=\"html.default\">\n\t\t\t\t<div class=\"elementor-widget-container\">\n\t\t\t\t\t<script type=\"application\/ld+json\">{\n    \"@context\": \"https:\\\/\\\/schema.org\",\n    \"@type\": \"Article\",\n    \"headline\": \"Maloclusi\\u00f3n Dental: Qu\\u00e9 Es, Tipos y C\\u00f3mo Corregirla\",\n    \"description\": \"La maloclusi\\u00f3n dental es el encaje incorrecto entre dientes superiores e inferiores. Descubre sus tipos, causas, consecuencias y todos los tratamientos: ortodoncia, Invisalign y cirug\\u00eda.\",\n    \"url\": \"https:\\\/\\\/clinicamarianasacotonavia.com\\\/maloclusion-dental\\\/\",\n    \"datePublished\": \"2026-04-28\",\n    \"dateModified\": \"2026-04-28\",\n    \"author\": {\n        \"@type\": \"Person\",\n        \"name\": \"Dra. Mariana Sacoto Navia\"\n    },\n    \"publisher\": {\n        \"@type\": \"Organization\",\n        \"name\": \"Cl\\u00ednica Mariana Sacoto Navia\",\n        \"url\": \"https:\\\/\\\/clinicamarianasacotonavia.com\"\n    },\n    \"mainEntityOfPage\": {\n        \"@type\": \"WebPage\",\n        \"@id\": \"https:\\\/\\\/clinicamarianasacotonavia.com\\\/maloclusion-dental\\\/\"\n    }\n}<\/script>\n\t\t\t\t<\/div>\n\t\t\t\t<\/div>\n\t\t\t\t\t<\/div>\n\t\t<\/div>\n\t\t\t\t\t<\/div>\n\t\t<\/section>\n\t\t\t\t<\/div>","protected":false},"excerpt":{"rendered":"<p>\u00bfTus dientes no encajan bien al cerrar la boca? Es posible que tengas una maloclusi\u00f3n dental. La maloclusi\u00f3n es la alineaci\u00f3n incorrecta entre los dientes superiores e inferiores al morder, y es una de las consultas m\u00e1s frecuentes en ortodoncia invisible en Barcelona. Tiene soluci\u00f3n en la gran mayor\u00eda de los casos, con o sin [&hellip;]<\/p>","protected":false},"author":11,"featured_media":16368,"comment_status":"closed","ping_status":"closed","sticky":false,"template":"elementor_header_footer","format":"standard","meta":{"footnotes":""},"categories":[640],"tags":[],"class_list":["post-16367","post","type-post","status-publish","format-standard","has-post-thumbnail","hentry","category-articulos-generales"],"yoast_head":"<!-- This site is optimized with the Yoast SEO Premium plugin v26.0 (Yoast SEO v26.6) - https:\/\/yoast.com\/wordpress\/plugins\/seo\/ -->\n<title>Maloclusi\u00f3n Dental: Tipos, Causas y Tratamientos con Ortodoncia<\/title>\n<meta name=\"description\" content=\"La maloclusi\u00f3n dental es el encaje incorrecto entre dientes superiores e inferiores. Descubre sus tipos, causas y tratamientos.\" \/>\n<meta name=\"robots\" content=\"index, follow, max-snippet:-1, max-image-preview:large, max-video-preview:-1\" \/>\n<link rel=\"canonical\" href=\"https:\/\/clinicamarianasacotonavia.com\/en\/maloclusion-dental\/\" \/>\n<meta property=\"og:locale\" content=\"en_GB\" \/>\n<meta property=\"og:type\" content=\"article\" \/>\n<meta property=\"og:title\" content=\"Maloclusi\u00f3n Dental: Qu\u00e9 Es, Tipos y C\u00f3mo Corregirla\" \/>\n<meta property=\"og:description\" content=\"La maloclusi\u00f3n dental es el encaje incorrecto entre dientes superiores e inferiores. Descubre sus tipos, causas y tratamientos.\" \/>\n<meta property=\"og:url\" content=\"https:\/\/clinicamarianasacotonavia.com\/en\/maloclusion-dental\/\" \/>\n<meta property=\"og:site_name\" content=\"Clinica Mariana Sacoto Navia\" \/>\n<meta property=\"article:published_time\" content=\"2026-04-07T10:02:10+00:00\" \/>\n<meta property=\"article:modified_time\" content=\"2026-04-28T11:24:37+00:00\" \/>\n<meta property=\"og:image\" content=\"https:\/\/clinicamarianasacotonavia.com\/wp-content\/uploads\/2026\/04\/maloclusion-dental.jpg\" \/>\n\t<meta property=\"og:image:width\" content=\"612\" \/>\n\t<meta property=\"og:image:height\" content=\"408\" \/>\n\t<meta property=\"og:image:type\" content=\"image\/jpeg\" \/>\n<meta name=\"author\" content=\"Dra. Mariana Sacoto Navia\" \/>\n<meta name=\"twitter:card\" content=\"summary_large_image\" \/>\n<meta name=\"twitter:label1\" content=\"Written by\" \/>\n\t<meta name=\"twitter:data1\" content=\"Dra. Mariana Sacoto Navia\" \/>\n\t<meta name=\"twitter:label2\" content=\"Estimated reading time\" \/>\n\t<meta name=\"twitter:data2\" content=\"9 minutes\" \/>\n<script type=\"application\/ld+json\" class=\"yoast-schema-graph\">{\"@context\":\"https:\/\/schema.org\",\"@graph\":[{\"@type\":\"WebPage\",\"@id\":\"https:\/\/clinicamarianasacotonavia.com\/maloclusion-dental\/\",\"url\":\"https:\/\/clinicamarianasacotonavia.com\/maloclusion-dental\/\",\"name\":\"Maloclusi\u00f3n Dental: Tipos, Causas y Tratamientos con Ortodoncia\",\"isPartOf\":{\"@id\":\"https:\/\/clinicamarianasacotonavia.com\/#website\"},\"primaryImageOfPage\":{\"@id\":\"https:\/\/clinicamarianasacotonavia.com\/maloclusion-dental\/#primaryimage\"},\"image\":{\"@id\":\"https:\/\/clinicamarianasacotonavia.com\/maloclusion-dental\/#primaryimage\"},\"thumbnailUrl\":\"https:\/\/clinicamarianasacotonavia.com\/wp-content\/uploads\/2026\/04\/maloclusion-dental.jpg\",\"datePublished\":\"2026-04-07T10:02:10+00:00\",\"dateModified\":\"2026-04-28T11:24:37+00:00\",\"author\":{\"@id\":\"https:\/\/clinicamarianasacotonavia.com\/#\/schema\/person\/94ac72e7863b6b10d223dba49f2279b5\"},\"description\":\"La maloclusi\u00f3n dental es el encaje incorrecto entre dientes superiores e inferiores. Descubre sus tipos, causas y tratamientos.\",\"breadcrumb\":{\"@id\":\"https:\/\/clinicamarianasacotonavia.com\/maloclusion-dental\/#breadcrumb\"},\"inLanguage\":\"en-GB\",\"potentialAction\":[{\"@type\":\"ReadAction\",\"target\":[\"https:\/\/clinicamarianasacotonavia.com\/maloclusion-dental\/\"]}]},{\"@type\":\"ImageObject\",\"inLanguage\":\"en-GB\",\"@id\":\"https:\/\/clinicamarianasacotonavia.com\/maloclusion-dental\/#primaryimage\",\"url\":\"https:\/\/clinicamarianasacotonavia.com\/wp-content\/uploads\/2026\/04\/maloclusion-dental.jpg\",\"contentUrl\":\"https:\/\/clinicamarianasacotonavia.com\/wp-content\/uploads\/2026\/04\/maloclusion-dental.jpg\",\"width\":612,\"height\":408,\"caption\":\"Perfil de persona con maloclusi\u00f3n dental y dientes desalineados\"},{\"@type\":\"BreadcrumbList\",\"@id\":\"https:\/\/clinicamarianasacotonavia.com\/maloclusion-dental\/#breadcrumb\",\"itemListElement\":[{\"@type\":\"ListItem\",\"position\":1,\"name\":\"Portada\",\"item\":\"https:\/\/clinicamarianasacotonavia.com\/\"},{\"@type\":\"ListItem\",\"position\":2,\"name\":\"Maloclusi\u00f3n Dental: Qu\u00e9 Es, Tipos y C\u00f3mo Corregirla\"}]},{\"@type\":\"WebSite\",\"@id\":\"https:\/\/clinicamarianasacotonavia.com\/#website\",\"url\":\"https:\/\/clinicamarianasacotonavia.com\/\",\"name\":\"Clinica Mariana Sacoto Navia\",\"description\":\"Ortodoncia Invisible Invisalign en Barcelona\",\"potentialAction\":[{\"@type\":\"SearchAction\",\"target\":{\"@type\":\"EntryPoint\",\"urlTemplate\":\"https:\/\/clinicamarianasacotonavia.com\/?s={search_term_string}\"},\"query-input\":{\"@type\":\"PropertyValueSpecification\",\"valueRequired\":true,\"valueName\":\"search_term_string\"}}],\"inLanguage\":\"en-GB\"},{\"@type\":\"Person\",\"@id\":\"https:\/\/clinicamarianasacotonavia.com\/#\/schema\/person\/94ac72e7863b6b10d223dba49f2279b5\",\"name\":\"Dra. Mariana Sacoto Navia\",\"image\":{\"@type\":\"ImageObject\",\"inLanguage\":\"en-GB\",\"@id\":\"https:\/\/clinicamarianasacotonavia.com\/#\/schema\/person\/image\/\",\"url\":\"https:\/\/secure.gravatar.com\/avatar\/8351c92c0dad868370b2fa698b37c24a1b3f726736cd0c273d3315bd76cee37e?s=96&d=mm&r=g\",\"contentUrl\":\"https:\/\/secure.gravatar.com\/avatar\/8351c92c0dad868370b2fa698b37c24a1b3f726736cd0c273d3315bd76cee37e?s=96&d=mm&r=g\",\"caption\":\"Dra. Mariana Sacoto Navia\"}}]}<\/script>\n<!-- \/ Yoast SEO Premium plugin. -->","yoast_head_json":{"title":"Maloclusi\u00f3n Dental: Tipos, Causas y Tratamientos con Ortodoncia","description":"La maloclusi\u00f3n dental es el encaje incorrecto entre dientes superiores e inferiores. Descubre sus tipos, causas y tratamientos.","robots":{"index":"index","follow":"follow","max-snippet":"max-snippet:-1","max-image-preview":"max-image-preview:large","max-video-preview":"max-video-preview:-1"},"canonical":"https:\/\/clinicamarianasacotonavia.com\/en\/maloclusion-dental\/","og_locale":"en_GB","og_type":"article","og_title":"Maloclusi\u00f3n Dental: Qu\u00e9 Es, Tipos y C\u00f3mo Corregirla","og_description":"La maloclusi\u00f3n dental es el encaje incorrecto entre dientes superiores e inferiores. Descubre sus tipos, causas y tratamientos.","og_url":"https:\/\/clinicamarianasacotonavia.com\/en\/maloclusion-dental\/","og_site_name":"Clinica Mariana Sacoto Navia","article_published_time":"2026-04-07T10:02:10+00:00","article_modified_time":"2026-04-28T11:24:37+00:00","og_image":[{"width":612,"height":408,"url":"https:\/\/clinicamarianasacotonavia.com\/wp-content\/uploads\/2026\/04\/maloclusion-dental.jpg","type":"image\/jpeg"}],"author":"Dra. Mariana Sacoto Navia","twitter_card":"summary_large_image","twitter_misc":{"Written by":"Dra. Mariana Sacoto Navia","Estimated reading time":"9 minutes"},"schema":{"@context":"https:\/\/schema.org","@graph":[{"@type":"WebPage","@id":"https:\/\/clinicamarianasacotonavia.com\/maloclusion-dental\/","url":"https:\/\/clinicamarianasacotonavia.com\/maloclusion-dental\/","name":"Maloclusi\u00f3n Dental: Tipos, Causas y Tratamientos con Ortodoncia","isPartOf":{"@id":"https:\/\/clinicamarianasacotonavia.com\/#website"},"primaryImageOfPage":{"@id":"https:\/\/clinicamarianasacotonavia.com\/maloclusion-dental\/#primaryimage"},"image":{"@id":"https:\/\/clinicamarianasacotonavia.com\/maloclusion-dental\/#primaryimage"},"thumbnailUrl":"https:\/\/clinicamarianasacotonavia.com\/wp-content\/uploads\/2026\/04\/maloclusion-dental.jpg","datePublished":"2026-04-07T10:02:10+00:00","dateModified":"2026-04-28T11:24:37+00:00","author":{"@id":"https:\/\/clinicamarianasacotonavia.com\/#\/schema\/person\/94ac72e7863b6b10d223dba49f2279b5"},"description":"La maloclusi\u00f3n dental es el encaje incorrecto entre dientes superiores e inferiores. Descubre sus tipos, causas y tratamientos.","breadcrumb":{"@id":"https:\/\/clinicamarianasacotonavia.com\/maloclusion-dental\/#breadcrumb"},"inLanguage":"en-GB","potentialAction":[{"@type":"ReadAction","target":["https:\/\/clinicamarianasacotonavia.com\/maloclusion-dental\/"]}]},{"@type":"ImageObject","inLanguage":"en-GB","@id":"https:\/\/clinicamarianasacotonavia.com\/maloclusion-dental\/#primaryimage","url":"https:\/\/clinicamarianasacotonavia.com\/wp-content\/uploads\/2026\/04\/maloclusion-dental.jpg","contentUrl":"https:\/\/clinicamarianasacotonavia.com\/wp-content\/uploads\/2026\/04\/maloclusion-dental.jpg","width":612,"height":408,"caption":"Perfil de persona con maloclusi\u00f3n dental y dientes desalineados"},{"@type":"BreadcrumbList","@id":"https:\/\/clinicamarianasacotonavia.com\/maloclusion-dental\/#breadcrumb","itemListElement":[{"@type":"ListItem","position":1,"name":"Portada","item":"https:\/\/clinicamarianasacotonavia.com\/"},{"@type":"ListItem","position":2,"name":"Maloclusi\u00f3n Dental: Qu\u00e9 Es, Tipos y C\u00f3mo Corregirla"}]},{"@type":"WebSite","@id":"https:\/\/clinicamarianasacotonavia.com\/#website","url":"https:\/\/clinicamarianasacotonavia.com\/","name":"Clinica Mariana Sacoto Navia","description":"Ortodoncia Invisible Invisalign en Barcelona","potentialAction":[{"@type":"SearchAction","target":{"@type":"EntryPoint","urlTemplate":"https:\/\/clinicamarianasacotonavia.com\/?s={search_term_string}"},"query-input":{"@type":"PropertyValueSpecification","valueRequired":true,"valueName":"search_term_string"}}],"inLanguage":"en-GB"},{"@type":"Person","@id":"https:\/\/clinicamarianasacotonavia.com\/#\/schema\/person\/94ac72e7863b6b10d223dba49f2279b5","name":"Dra. Mariana Sacoto Navia","image":{"@type":"ImageObject","inLanguage":"en-GB","@id":"https:\/\/clinicamarianasacotonavia.com\/#\/schema\/person\/image\/","url":"https:\/\/secure.gravatar.com\/avatar\/8351c92c0dad868370b2fa698b37c24a1b3f726736cd0c273d3315bd76cee37e?s=96&d=mm&r=g","contentUrl":"https:\/\/secure.gravatar.com\/avatar\/8351c92c0dad868370b2fa698b37c24a1b3f726736cd0c273d3315bd76cee37e?s=96&d=mm&r=g","caption":"Dra. Mariana Sacoto Navia"}}]}},"_links":{"self":[{"href":"https:\/\/clinicamarianasacotonavia.com\/en\/wp-json\/wp\/v2\/posts\/16367","targetHints":{"allow":["GET"]}}],"collection":[{"href":"https:\/\/clinicamarianasacotonavia.com\/en\/wp-json\/wp\/v2\/posts"}],"about":[{"href":"https:\/\/clinicamarianasacotonavia.com\/en\/wp-json\/wp\/v2\/types\/post"}],"author":[{"embeddable":true,"href":"https:\/\/clinicamarianasacotonavia.com\/en\/wp-json\/wp\/v2\/users\/11"}],"replies":[{"embeddable":true,"href":"https:\/\/clinicamarianasacotonavia.com\/en\/wp-json\/wp\/v2\/comments?post=16367"}],"version-history":[{"count":22,"href":"https:\/\/clinicamarianasacotonavia.com\/en\/wp-json\/wp\/v2\/posts\/16367\/revisions"}],"predecessor-version":[{"id":16422,"href":"https:\/\/clinicamarianasacotonavia.com\/en\/wp-json\/wp\/v2\/posts\/16367\/revisions\/16422"}],"wp:featuredmedia":[{"embeddable":true,"href":"https:\/\/clinicamarianasacotonavia.com\/en\/wp-json\/wp\/v2\/media\/16368"}],"wp:attachment":[{"href":"https:\/\/clinicamarianasacotonavia.com\/en\/wp-json\/wp\/v2\/media?parent=16367"}],"wp:term":[{"taxonomy":"category","embeddable":true,"href":"https:\/\/clinicamarianasacotonavia.com\/en\/wp-json\/wp\/v2\/categories?post=16367"},{"taxonomy":"post_tag","embeddable":true,"href":"https:\/\/clinicamarianasacotonavia.com\/en\/wp-json\/wp\/v2\/tags?post=16367"}],"curies":[{"name":"wp","href":"https:\/\/api.w.org\/{rel}","templated":true}]}}