{"id":16370,"date":"2026-04-15T11:10:09","date_gmt":"2026-04-15T10:10:09","guid":{"rendered":"https:\/\/clinicamarianasacotonavia.com\/?p=16370"},"modified":"2026-04-28T12:24:44","modified_gmt":"2026-04-28T11:24:44","slug":"encias-retraidas","status":"publish","type":"post","link":"https:\/\/clinicamarianasacotonavia.com\/en\/encias-retraidas\/","title":{"rendered":"Enc\u00edas Retra\u00eddas: Causas, S\u00edntomas y Tratamientos"},"content":{"rendered":"<div data-elementor-type=\"wp-post\" data-elementor-id=\"16370\" class=\"elementor elementor-16370\" data-elementor-post-type=\"post\">\n\t\t\t\t\t\t<section class=\"elementor-section elementor-top-section elementor-element elementor-element-678573a7 elementor-section-full_width elementor-section-height-default elementor-section-height-default\" data-id=\"678573a7\" data-element_type=\"section\" data-e-type=\"section\">\n\t\t\t\t\t\t<div class=\"elementor-container elementor-column-gap-no\">\n\t\t\t\t\t<div class=\"elementor-column elementor-col-50 elementor-top-column elementor-element elementor-element-6492fbce\" data-id=\"6492fbce\" data-element_type=\"column\" data-e-type=\"column\">\n\t\t\t<div class=\"elementor-widget-wrap elementor-element-populated\">\n\t\t\t\t\t\t<div class=\"elementor-element elementor-element-766fec65 elementor-widget elementor-widget-theme-post-featured-image elementor-widget-image\" data-id=\"766fec65\" data-element_type=\"widget\" data-e-type=\"widget\" data-settings=\"{&quot;motion_fx_motion_fx_scrolling&quot;:&quot;yes&quot;,&quot;motion_fx_translateY_effect&quot;:&quot;yes&quot;,&quot;motion_fx_translateY_speed&quot;:{&quot;unit&quot;:&quot;px&quot;,&quot;size&quot;:&quot;2&quot;,&quot;sizes&quot;:[]},&quot;motion_fx_devices&quot;:[&quot;desktop&quot;],&quot;motion_fx_translateY_affectedRange&quot;:{&quot;unit&quot;:&quot;%&quot;,&quot;size&quot;:&quot;&quot;,&quot;sizes&quot;:{&quot;start&quot;:0,&quot;end&quot;:100}}}\" data-widget_type=\"theme-post-featured-image.default\">\n\t\t\t\t<div class=\"elementor-widget-container\">\n\t\t\t\t\t\t\t\t\t\t\t\t\t\t\t<img fetchpriority=\"high\" decoding=\"async\" width=\"612\" height=\"408\" src=\"https:\/\/clinicamarianasacotonavia.com\/wp-content\/uploads\/2026\/04\/encias-retraidas.jpg\" class=\"attachment-full size-full wp-image-16371\" alt=\"Persona mostrando enc\u00edas retra\u00eddas con recesi\u00f3n gingival visible\" srcset=\"https:\/\/clinicamarianasacotonavia.com\/wp-content\/uploads\/2026\/04\/encias-retraidas.jpg 612w, https:\/\/clinicamarianasacotonavia.com\/wp-content\/uploads\/2026\/04\/encias-retraidas-300x200.jpg 300w, https:\/\/clinicamarianasacotonavia.com\/wp-content\/uploads\/2026\/04\/encias-retraidas-18x12.jpg 18w\" sizes=\"(max-width: 612px) 100vw, 612px\" \/>\t\t\t\t\t\t\t\t\t\t\t\t\t\t\t<\/div>\n\t\t\t\t<\/div>\n\t\t\t\t\t<\/div>\n\t\t<\/div>\n\t\t\t\t<div class=\"elementor-column elementor-col-50 elementor-top-column elementor-element elementor-element-7ae0d398\" data-id=\"7ae0d398\" data-element_type=\"column\" data-e-type=\"column\">\n\t\t\t<div class=\"elementor-widget-wrap elementor-element-populated\">\n\t\t\t\t\t\t<div class=\"elementor-element elementor-element-5c6d6fa9 elementor-widget elementor-widget-theme-post-title elementor-page-title elementor-widget-heading\" data-id=\"5c6d6fa9\" data-element_type=\"widget\" data-e-type=\"widget\" data-widget_type=\"theme-post-title.default\">\n\t\t\t\t<div class=\"elementor-widget-container\">\n\t\t\t\t\t<h1 class=\"elementor-heading-title elementor-size-default\">Enc\u00edas Retra\u00eddas: Causas, S\u00edntomas y Tratamientos<\/h1>\t\t\t\t<\/div>\n\t\t\t\t<\/div>\n\t\t\t\t<div class=\"elementor-element elementor-element-341d56f2 elementor-widget elementor-widget-text-editor\" data-id=\"341d56f2\" data-element_type=\"widget\" data-e-type=\"widget\" data-widget_type=\"text-editor.default\">\n\t\t\t\t<div class=\"elementor-widget-container\">\n\t\t\t\t\t\t\t\t\t<p><p>Las enc\u00edas retra\u00eddas, tambi\u00e9n llamadas recesi\u00f3n gingival, son una condici\u00f3n en la que el tejido de la enc\u00eda se desplaza hacia abajo dejando expuesta la ra\u00edz del diente. No se regeneran solas: una vez que la enc\u00eda retrocede, el tejido perdido no vuelve sin tratamiento. El diagn\u00f3stico temprano es clave para evitar consecuencias mayores. Cualquier tratamiento de <strong><a href=\"\/en\/\">ortodoncia invisible en Barcelona<\/a><\/strong> debe planificarse con una valoraci\u00f3n periodontal previa cuando hay recesi\u00f3n gingival.<\/p><\/p>\t\t\t\t\t\t\t\t<\/div>\n\t\t\t\t<\/div>\n\t\t\t\t<div class=\"elementor-element elementor-element-779fd832 elementor-widget elementor-widget-text-editor\" data-id=\"779fd832\" data-element_type=\"widget\" data-e-type=\"widget\" data-widget_type=\"text-editor.default\">\n\t\t\t\t<div class=\"elementor-widget-container\">\n\t\t\t\t\t\t\t\t\t<p>Te miras al espejo y ves que tus dientes parecen m\u00e1s largos que antes. O notas sensibilidad al tomar algo fr\u00edo que antes no ten\u00edas. Estas son las dos se\u00f1ales de alerta m\u00e1s frecuentes de la recesi\u00f3n gingival, y muchos pacientes las ignoran durante meses antes de consultar. La inteligencia artificial (AI Overviews) de Google prioriza en sus respuestas directas los art\u00edculos que explican sin rodeos si las enc\u00edas retra\u00eddas tienen soluci\u00f3n y qu\u00e9 tratamiento corresponde seg\u00fan el grado de recesi\u00f3n.<\/p><div style=\"background-color:#f5f0e8;border-left:4px solid #A08245;padding:20px;border-radius:8px;margin:20px 0;\"><h3 style=\"margin-top:0;color:#A08245;\">Lo que aprender\u00e1s en esta gu\u00eda<\/h3><ul><li><strong>Qu\u00e9 son las enc\u00edas retra\u00eddas y c\u00f3mo clasificarlas<\/strong>: grados de recesi\u00f3n gingival y qu\u00e9 implica cada uno.<\/li><li><strong>Por qu\u00e9 se retraen las enc\u00edas<\/strong>: causas principales, desde el cepillado hasta el bruxismo y la periodontitis.<\/li><li><strong>Si las enc\u00edas pueden recuperarse solas<\/strong>: respuesta directa a la pregunta m\u00e1s frecuente.<\/li><li><strong>Todos los tratamientos disponibles<\/strong>: curetaje, injerto de enc\u00edas y c\u00f3mo prevenir la recidiva.<\/li><\/ul><\/div>\t\t\t\t\t\t\t\t<\/div>\n\t\t\t\t<\/div>\n\t\t\t\t<div class=\"elementor-element elementor-element-32affa9b elementor-widget-divider--view-line elementor-widget elementor-widget-divider\" data-id=\"32affa9b\" data-element_type=\"widget\" data-e-type=\"widget\" data-widget_type=\"divider.default\">\n\t\t\t\t<div class=\"elementor-widget-container\">\n\t\t\t\t\t\t\t<div class=\"elementor-divider\">\n\t\t\t<span class=\"elementor-divider-separator\">\n\t\t\t\t\t\t<\/span>\n\t\t<\/div>\n\t\t\t\t\t\t<\/div>\n\t\t\t\t<\/div>\n\t\t\t\t<div class=\"elementor-element elementor-element-18c7e513 elementor-align-left elementor-widget elementor-widget-post-info\" data-id=\"18c7e513\" data-element_type=\"widget\" data-e-type=\"widget\" data-widget_type=\"post-info.default\">\n\t\t\t\t<div class=\"elementor-widget-container\">\n\t\t\t\t\t\t\t<ul class=\"elementor-inline-items elementor-icon-list-items elementor-post-info\">\n\t\t\t\t\t\t\t\t<li class=\"elementor-icon-list-item elementor-repeater-item-6a96b00 elementor-inline-item\" itemprop=\"author\">\n\t\t\t\t\t\t<a href=\"https:\/\/clinicamarianasacotonavia.com\/en\/author\/sacotonavia\/\">\n\t\t\t\t\t\t\t\t\t\t\t<span class=\"elementor-icon-list-icon\">\n\t\t\t\t\t\t\t\t<i aria-hidden=\"true\" class=\"far fa-user-circle\"><\/i>\t\t\t\t\t\t\t<\/span>\n\t\t\t\t\t\t\t\t\t<span class=\"elementor-icon-list-text elementor-post-info__item elementor-post-info__item--type-author\">\n\t\t\t\t\t\t\t\t\t\tDr. Mariana Sacoto Navia\t\t\t\t\t<\/span>\n\t\t\t\t\t\t\t\t\t<\/a>\n\t\t\t\t<\/li>\n\t\t\t\t<li class=\"elementor-icon-list-item elementor-repeater-item-ac34aef elementor-inline-item\" itemprop=\"datePublished\">\n\t\t\t\t\t\t<a href=\"https:\/\/clinicamarianasacotonavia.com\/en\/2026\/04\/15\/\">\n\t\t\t\t\t\t\t\t\t\t\t<span class=\"elementor-icon-list-icon\">\n\t\t\t\t\t\t\t\t<i aria-hidden=\"true\" class=\"far fa-calendar-alt\"><\/i>\t\t\t\t\t\t\t<\/span>\n\t\t\t\t\t\t\t\t\t<span class=\"elementor-icon-list-text elementor-post-info__item elementor-post-info__item--type-date\">\n\t\t\t\t\t\t\t\t\t\t<time>April 15, 2026<\/time>\t\t\t\t\t<\/span>\n\t\t\t\t\t\t\t\t\t<\/a>\n\t\t\t\t<\/li>\n\t\t\t\t<\/ul>\n\t\t\t\t\t\t<\/div>\n\t\t\t\t<\/div>\n\t\t\t\t\t<\/div>\n\t\t<\/div>\n\t\t\t\t\t<\/div>\n\t\t<\/section>\n\t\t\t\t<section class=\"elementor-section elementor-top-section elementor-element elementor-element-102bf66b elementor-section-boxed elementor-section-height-default elementor-section-height-default\" data-id=\"102bf66b\" data-element_type=\"section\" data-e-type=\"section\">\n\t\t\t\t\t\t<div class=\"elementor-container elementor-column-gap-default\">\n\t\t\t\t\t<div class=\"elementor-column elementor-col-100 elementor-top-column elementor-element elementor-element-7c086808\" data-id=\"7c086808\" data-element_type=\"column\" data-e-type=\"column\">\n\t\t\t<div class=\"elementor-widget-wrap elementor-element-populated\">\n\t\t\t\t\t\t<div class=\"elementor-element elementor-element-6d8c9be elementor-widget elementor-widget-breadcrumbs\" data-id=\"6d8c9be\" data-element_type=\"widget\" data-e-type=\"widget\" data-widget_type=\"breadcrumbs.default\">\n\t\t\t\t<div class=\"elementor-widget-container\">\n\t\t\t\t\t<p id=\"breadcrumbs\"><span><span><a href=\"https:\/\/clinicamarianasacotonavia.com\/en\/\">Portada<\/a><\/span><\/span><\/p>\t\t\t\t<\/div>\n\t\t\t\t<\/div>\n\t\t\t\t<div class=\"elementor-element elementor-element-3aca6f66 elementor-widget elementor-widget-table-of-contents\" data-id=\"3aca6f66\" data-element_type=\"widget\" data-e-type=\"widget\" data-settings=\"{&quot;headings_by_tags&quot;:[&quot;h2&quot;],&quot;exclude_headings_by_selector&quot;:[],&quot;no_headings_message&quot;:&quot;No se ha encontrado ning\\u00fan encabezado en esta p\\u00e1gina.&quot;,&quot;marker_view&quot;:&quot;numbers&quot;,&quot;hierarchical_view&quot;:&quot;yes&quot;,&quot;min_height&quot;:{&quot;unit&quot;:&quot;px&quot;,&quot;size&quot;:&quot;&quot;,&quot;sizes&quot;:[]},&quot;min_height_tablet&quot;:{&quot;unit&quot;:&quot;px&quot;,&quot;size&quot;:&quot;&quot;,&quot;sizes&quot;:[]},&quot;min_height_mobile&quot;:{&quot;unit&quot;:&quot;px&quot;,&quot;size&quot;:&quot;&quot;,&quot;sizes&quot;:[]}}\" data-widget_type=\"table-of-contents.default\">\n\t\t\t\t<div class=\"elementor-widget-container\">\n\t\t\t\t\t\t\t\t\t<div class=\"elementor-toc__header\">\n\t\t\t\t\t\t<h4 class=\"elementor-toc__header-title\">\n\t\t\t\tContenido\t\t\t<\/h4>\n\t\t\t\t\t\t\t\t<\/div>\n\t\t\t\t<div id=\"elementor-toc__3aca6f66\" class=\"elementor-toc__body\">\n\t\t\t<div class=\"elementor-toc__spinner-container\">\n\t\t\t\t<i class=\"elementor-toc__spinner eicon-animation-spin eicon-loading\" aria-hidden=\"true\"><\/i>\t\t\t<\/div>\n\t\t<\/div>\n\t\t\t\t\t\t<\/div>\n\t\t\t\t<\/div>\n\t\t\t\t\t<\/div>\n\t\t<\/div>\n\t\t\t\t\t<\/div>\n\t\t<\/section>\n\t\t\t\t<section class=\"elementor-section elementor-top-section elementor-element elementor-element-48621bb4 elementor-section-boxed elementor-section-height-default elementor-section-height-default\" data-id=\"48621bb4\" data-element_type=\"section\" data-e-type=\"section\">\n\t\t\t\t\t\t<div class=\"elementor-container elementor-column-gap-default\">\n\t\t\t\t\t<div class=\"elementor-column elementor-col-100 elementor-top-column elementor-element elementor-element-4668c1cd\" data-id=\"4668c1cd\" data-element_type=\"column\" data-e-type=\"column\">\n\t\t\t<div class=\"elementor-widget-wrap elementor-element-populated\">\n\t\t\t\t\t\t<div class=\"elementor-element elementor-element-c5dd171 elementor-widget elementor-widget-heading\" data-id=\"c5dd171\" data-element_type=\"widget\" data-e-type=\"widget\" data-widget_type=\"heading.default\">\n\t\t\t\t<div class=\"elementor-widget-container\">\n\t\t\t\t\t<h2 class=\"elementor-heading-title elementor-size-default\">\u00bfQu\u00e9 son las enc\u00edas retra\u00eddas o recesi\u00f3n gingival?<\/h2>\t\t\t\t<\/div>\n\t\t\t\t<\/div>\n\t\t\t\t<div class=\"elementor-element elementor-element-38c5b69b elementor-widget elementor-widget-text-editor\" data-id=\"38c5b69b\" data-element_type=\"widget\" data-e-type=\"widget\" data-widget_type=\"text-editor.default\">\n\t\t\t\t<div class=\"elementor-widget-container\">\n\t\t\t\t\t\t\t\t\t<p><p>Las enc\u00edas retra\u00eddas o recesi\u00f3n gingival es el proceso por el cual el tejido gingival que rodea los dientes se desplaza hacia la ra\u00edz, dejando expuesta una porci\u00f3n de la superficie radicular normalmente cubierta por la enc\u00eda. El resultado visible es que los dientes parecen m\u00e1s largos y la zona de transici\u00f3n entre diente y ra\u00edz \u2014m\u00e1s amarillenta\u2014 se hace visible.<\/p><p>Afecta a m\u00e1s del 50% de la poblaci\u00f3n adulta en alg\u00fan grado. Sin embargo, muchos pacientes no son conscientes hasta que aparecen s\u00edntomas como sensibilidad dental o un cambio visible en los dientes.<\/p><p>La enc\u00eda retra\u00edda no se regenera sola. El tejido perdido no vuelve de forma espont\u00e1nea. Por eso el diagn\u00f3stico temprano es fundamental: cuanto antes se identifica la causa, menor es el tejido a recuperar y m\u00e1s sencillo el tratamiento.<\/p><\/p>\t\t\t\t\t\t\t\t<\/div>\n\t\t\t\t<\/div>\n\t\t\t\t\t<\/div>\n\t\t<\/div>\n\t\t\t\t\t<\/div>\n\t\t<\/section>\n\t\t\t\t<section class=\"elementor-section elementor-top-section elementor-element elementor-element-704f4d7e elementor-section-boxed elementor-section-height-default elementor-section-height-default\" data-id=\"704f4d7e\" data-element_type=\"section\" data-e-type=\"section\">\n\t\t\t\t\t\t<div class=\"elementor-container elementor-column-gap-default\">\n\t\t\t\t\t<div class=\"elementor-column elementor-col-100 elementor-top-column elementor-element elementor-element-742c764b\" data-id=\"742c764b\" data-element_type=\"column\" data-e-type=\"column\">\n\t\t\t<div class=\"elementor-widget-wrap elementor-element-populated\">\n\t\t\t\t\t\t<div class=\"elementor-element elementor-element-2ab6eae2 elementor-widget elementor-widget-heading\" data-id=\"2ab6eae2\" data-element_type=\"widget\" data-e-type=\"widget\" data-widget_type=\"heading.default\">\n\t\t\t\t<div class=\"elementor-widget-container\">\n\t\t\t\t\t<h2 class=\"elementor-heading-title elementor-size-default\">Grados de recesi\u00f3n gingival: clasificaci\u00f3n de Miller<\/h2>\t\t\t\t<\/div>\n\t\t\t\t<\/div>\n\t\t\t\t<div class=\"elementor-element elementor-element-6bb63a93 elementor-widget elementor-widget-text-editor\" data-id=\"6bb63a93\" data-element_type=\"widget\" data-e-type=\"widget\" data-widget_type=\"text-editor.default\">\n\t\t\t\t<div class=\"elementor-widget-container\">\n\t\t\t\t\t\t\t\t\t<p><p><strong>Clase I.<\/strong> La recesi\u00f3n no llega a la l\u00ednea mucogingival y no hay p\u00e9rdida interdental. Cobertura radicular completa posible. Grado m\u00e1s favorable.<\/p><p><strong>Clase II.<\/strong> La recesi\u00f3n llega o supera la l\u00ednea mucogingival sin p\u00e9rdida interdental. La cobertura completa sigue siendo posible con el tratamiento correcto.<\/p><p><strong>Clase III.<\/strong> Recesi\u00f3n con p\u00e9rdida de hueso o enc\u00eda interdental. Solo es posible la cobertura parcial.<\/p><p><strong>Clase IV.<\/strong> Recesi\u00f3n severa con p\u00e9rdida interdental importante. La cobertura completa es imposible. El objetivo es estabilizar y mejorar funci\u00f3n y est\u00e9tica.<\/p><\/p>\t\t\t\t\t\t\t\t<\/div>\n\t\t\t\t<\/div>\n\t\t\t\t\t<\/div>\n\t\t<\/div>\n\t\t\t\t\t<\/div>\n\t\t<\/section>\n\t\t\t\t<section class=\"elementor-section elementor-top-section elementor-element elementor-element-692495e9 elementor-section-boxed elementor-section-height-default elementor-section-height-default\" data-id=\"692495e9\" data-element_type=\"section\" data-e-type=\"section\">\n\t\t\t\t\t\t<div class=\"elementor-container elementor-column-gap-default\">\n\t\t\t\t\t<div class=\"elementor-column elementor-col-100 elementor-top-column elementor-element elementor-element-236c56b8\" data-id=\"236c56b8\" data-element_type=\"column\" data-e-type=\"column\">\n\t\t\t<div class=\"elementor-widget-wrap elementor-element-populated\">\n\t\t\t\t\t\t<div class=\"elementor-element elementor-element-24e3f307 elementor-widget elementor-widget-heading\" data-id=\"24e3f307\" data-element_type=\"widget\" data-e-type=\"widget\" data-widget_type=\"heading.default\">\n\t\t\t\t<div class=\"elementor-widget-container\">\n\t\t\t\t\t<h2 class=\"elementor-heading-title elementor-size-default\">Causas de las enc\u00edas retra\u00eddas<\/h2>\t\t\t\t<\/div>\n\t\t\t\t<\/div>\n\t\t\t\t<div class=\"elementor-element elementor-element-219164f elementor-widget elementor-widget-text-editor\" data-id=\"219164f\" data-element_type=\"widget\" data-e-type=\"widget\" data-widget_type=\"text-editor.default\">\n\t\t\t\t<div class=\"elementor-widget-container\">\n\t\t\t\t\t\t\t\t\t<p><p><strong>Cepillado incorrecto.<\/strong> Presi\u00f3n excesiva o cerdas duras producen abrasi\u00f3n mec\u00e1nica progresiva del tejido gingival. Es la causa m\u00e1s frecuente en adultos j\u00f3venes con buena higiene.<\/p><p><strong>Enfermedad periodontal.<\/strong> La periodontitis destruye el hueso y tejidos de soporte dental. La recesi\u00f3n es una consecuencia directa de esa p\u00e9rdida \u00f3sea.<\/p><p><strong>Factores anat\u00f3micos.<\/strong> Enc\u00eda insuficiente desde el nacimiento, posici\u00f3n dental fuera del hueso o frenillo de inserci\u00f3n baja predisponen a la recesi\u00f3n.<\/p><p><strong>Bruxismo.<\/strong> Las fuerzas excesivas sobre el periodonto favorecen la recesi\u00f3n, especialmente con enc\u00edas finas.<\/p><p><strong>Tabaco.<\/strong> Reduce el flujo sangu\u00edneo gingival y altera la respuesta inmune del tejido.<\/p><p><strong>Movimientos ortod\u00f3nticos mal planificados.<\/strong> Desplazar dientes fuera de los l\u00edmites del hueso puede provocar recesi\u00f3n. Por eso es fundamental la valoraci\u00f3n periodontal previa a cualquier tratamiento de ortodoncia.<\/p><\/p>\t\t\t\t\t\t\t\t<\/div>\n\t\t\t\t<\/div>\n\t\t\t\t\t<\/div>\n\t\t<\/div>\n\t\t\t\t\t<\/div>\n\t\t<\/section>\n\t\t\t\t<section class=\"elementor-section elementor-top-section elementor-element elementor-element-61030c0 elementor-section-boxed elementor-section-height-default elementor-section-height-default\" data-id=\"61030c0\" data-element_type=\"section\" data-e-type=\"section\">\n\t\t\t\t\t\t<div class=\"elementor-container elementor-column-gap-default\">\n\t\t\t\t\t<div class=\"elementor-column elementor-col-100 elementor-top-column elementor-element elementor-element-428730b8\" data-id=\"428730b8\" data-element_type=\"column\" data-e-type=\"column\">\n\t\t\t<div class=\"elementor-widget-wrap elementor-element-populated\">\n\t\t\t\t\t\t<div class=\"elementor-element elementor-element-b976c4e elementor-widget elementor-widget-image\" data-id=\"b976c4e\" data-element_type=\"widget\" data-e-type=\"widget\" data-widget_type=\"image.default\">\n\t\t\t\t<div class=\"elementor-widget-container\">\n\t\t\t\t\t\t\t\t\t\t\t\t\t\t\t<img decoding=\"async\" width=\"612\" height=\"407\" src=\"https:\/\/clinicamarianasacotonavia.com\/wp-content\/uploads\/2026\/04\/encias-retraidas-2.jpg\" class=\"attachment-large size-large wp-image-16426\" alt=\"Enc\u00edas retra\u00eddas con recesi\u00f3n gingival visible en la parte inferior\" srcset=\"https:\/\/clinicamarianasacotonavia.com\/wp-content\/uploads\/2026\/04\/encias-retraidas-2.jpg 612w, https:\/\/clinicamarianasacotonavia.com\/wp-content\/uploads\/2026\/04\/encias-retraidas-2-300x200.jpg 300w, https:\/\/clinicamarianasacotonavia.com\/wp-content\/uploads\/2026\/04\/encias-retraidas-2-18x12.jpg 18w\" sizes=\"(max-width: 612px) 100vw, 612px\" \/>\t\t\t\t\t\t\t\t\t\t\t\t\t\t\t<\/div>\n\t\t\t\t<\/div>\n\t\t\t\t\t<\/div>\n\t\t<\/div>\n\t\t\t\t\t<\/div>\n\t\t<\/section>\n\t\t\t\t<section class=\"elementor-section elementor-top-section elementor-element elementor-element-789c1d17 elementor-section-boxed elementor-section-height-default elementor-section-height-default\" data-id=\"789c1d17\" data-element_type=\"section\" data-e-type=\"section\">\n\t\t\t\t\t\t<div class=\"elementor-container elementor-column-gap-default\">\n\t\t\t\t\t<div class=\"elementor-column elementor-col-100 elementor-top-column elementor-element elementor-element-382dd30e\" data-id=\"382dd30e\" data-element_type=\"column\" data-e-type=\"column\">\n\t\t\t<div class=\"elementor-widget-wrap elementor-element-populated\">\n\t\t\t\t\t\t<div class=\"elementor-element elementor-element-15b30a55 elementor-widget elementor-widget-heading\" data-id=\"15b30a55\" data-element_type=\"widget\" data-e-type=\"widget\" data-widget_type=\"heading.default\">\n\t\t\t\t<div class=\"elementor-widget-container\">\n\t\t\t\t\t<h2 class=\"elementor-heading-title elementor-size-default\">S\u00edntomas: c\u00f3mo identificar la recesi\u00f3n gingival<\/h2>\t\t\t\t<\/div>\n\t\t\t\t<\/div>\n\t\t\t\t<div class=\"elementor-element elementor-element-7042c812 elementor-widget elementor-widget-text-editor\" data-id=\"7042c812\" data-element_type=\"widget\" data-e-type=\"widget\" data-widget_type=\"text-editor.default\">\n\t\t\t\t<div class=\"elementor-widget-container\">\n\t\t\t\t\t\t\t\t\t<p><p><strong>Dientes que parecen m\u00e1s largos.<\/strong> Al retroceder la enc\u00eda queda expuesta la ra\u00edz, m\u00e1s amarillenta que la corona. Es el signo m\u00e1s caracter\u00edstico.<\/p><p><strong>Sensibilidad dental.<\/strong> La ra\u00edz expuesta carece del esmalte protector. El contacto con fr\u00edo, calor, dulce o \u00e1cido puede provocar dolor agudo y pasajero.<\/p><p><strong>Muesca visible.<\/strong> En la zona de recesi\u00f3n puede apreciarse un peque\u00f1o escal\u00f3n en la superficie del diente.<\/p><p><strong>Enc\u00edas enrojecidas o inflamadas.<\/strong> Cuando la recesi\u00f3n est\u00e1 asociada a periodontitis activa puede haber sangrado al cepillarse.<\/p><p><strong>Movilidad dental.<\/strong> En casos avanzados con p\u00e9rdida de soporte \u00f3seo significativa los dientes pueden presentar movilidad.<\/p><\/p>\t\t\t\t\t\t\t\t<\/div>\n\t\t\t\t<\/div>\n\t\t\t\t\t<\/div>\n\t\t<\/div>\n\t\t\t\t\t<\/div>\n\t\t<\/section>\n\t\t\t\t<section class=\"elementor-section elementor-top-section elementor-element elementor-element-27f11253 elementor-section-boxed elementor-section-height-default elementor-section-height-default\" data-id=\"27f11253\" data-element_type=\"section\" data-e-type=\"section\">\n\t\t\t\t\t\t<div class=\"elementor-container elementor-column-gap-default\">\n\t\t\t\t\t<div class=\"elementor-column elementor-col-100 elementor-top-column elementor-element elementor-element-1a9bd2c5\" data-id=\"1a9bd2c5\" data-element_type=\"column\" data-e-type=\"column\">\n\t\t\t<div class=\"elementor-widget-wrap elementor-element-populated\">\n\t\t\t\t\t\t<div class=\"elementor-element elementor-element-24f925f6 elementor-widget elementor-widget-heading\" data-id=\"24f925f6\" data-element_type=\"widget\" data-e-type=\"widget\" data-widget_type=\"heading.default\">\n\t\t\t\t<div class=\"elementor-widget-container\">\n\t\t\t\t\t<h2 class=\"elementor-heading-title elementor-size-default\">\u00bfPueden regenerarse las enc\u00edas retra\u00eddas solas?<\/h2>\t\t\t\t<\/div>\n\t\t\t\t<\/div>\n\t\t\t\t<div class=\"elementor-element elementor-element-72364040 elementor-widget elementor-widget-text-editor\" data-id=\"72364040\" data-element_type=\"widget\" data-e-type=\"widget\" data-widget_type=\"text-editor.default\">\n\t\t\t\t<div class=\"elementor-widget-container\">\n\t\t\t\t\t\t\t\t\t<p><p>No. El tejido gingival no tiene capacidad de regeneraci\u00f3n espont\u00e1nea. Una vez que la enc\u00eda ha retrocedido, no vuelve a su posici\u00f3n sin intervenci\u00f3n.<\/p><p>Lo que s\u00ed puede ocurrir es que la recesi\u00f3n se estabilice si se elimina la causa. Por ejemplo, si se debe a cepillado agresivo y el paciente corrige la t\u00e9cnica, el retroceso puede detenerse. Pero el tejido ya perdido no se recupera.<\/p><p>Remedios caseros \u2014masajes, colutorios, aceite de coco\u2014 pueden mejorar la salud gingival general, pero no tienen capacidad de regenerar tejido perdido. No existe evidencia cient\u00edfica que lo respalde.<\/p><p>La \u00fanica forma de recuperar tejido perdido es mediante injerto de enc\u00edas o t\u00e9cnicas de regeneraci\u00f3n tisular guiada por un periodoncista.<\/p><\/p>\t\t\t\t\t\t\t\t<\/div>\n\t\t\t\t<\/div>\n\t\t\t\t\t<\/div>\n\t\t<\/div>\n\t\t\t\t\t<\/div>\n\t\t<\/section>\n\t\t\t\t<section class=\"elementor-section elementor-top-section elementor-element elementor-element-6521ac81 elementor-section-boxed elementor-section-height-default elementor-section-height-default\" data-id=\"6521ac81\" data-element_type=\"section\" data-e-type=\"section\">\n\t\t\t\t\t\t<div class=\"elementor-container elementor-column-gap-default\">\n\t\t\t\t\t<div class=\"elementor-column elementor-col-100 elementor-top-column elementor-element elementor-element-7324ab05\" data-id=\"7324ab05\" data-element_type=\"column\" data-e-type=\"column\">\n\t\t\t<div class=\"elementor-widget-wrap elementor-element-populated\">\n\t\t\t\t\t\t<div class=\"elementor-element elementor-element-74d33676 elementor-widget elementor-widget-heading\" data-id=\"74d33676\" data-element_type=\"widget\" data-e-type=\"widget\" data-widget_type=\"heading.default\">\n\t\t\t\t<div class=\"elementor-widget-container\">\n\t\t\t\t\t<h2 class=\"elementor-heading-title elementor-size-default\">Consecuencias de no tratar las enc\u00edas retra\u00eddas<\/h2>\t\t\t\t<\/div>\n\t\t\t\t<\/div>\n\t\t\t\t<div class=\"elementor-element elementor-element-312f5da9 elementor-widget elementor-widget-text-editor\" data-id=\"312f5da9\" data-element_type=\"widget\" data-e-type=\"widget\" data-widget_type=\"text-editor.default\">\n\t\t\t\t<div class=\"elementor-widget-container\">\n\t\t\t\t\t\t\t\t\t<p><p><strong>Caries radicular.<\/strong> La ra\u00edz expuesta es mucho m\u00e1s susceptible a la caries que el esmalte. La caries radicular es dif\u00edcil de tratar.<\/p><p><strong>P\u00e9rdida de hueso alveolar.<\/strong> Cuando la recesi\u00f3n est\u00e1 asociada a periodontitis, la p\u00e9rdida gingival va acompa\u00f1ada de destrucci\u00f3n \u00f3sea progresiva.<\/p><p><strong>P\u00e9rdida dental.<\/strong> En casos avanzados la combinaci\u00f3n de recesi\u00f3n severa y p\u00e9rdida \u00f3sea puede llevar a la p\u00e9rdida del diente.<\/p><p><strong>Hipersensibilidad cr\u00f3nica.<\/strong> La ra\u00edz expuesta puede provocar sensibilidad constante que limita la calidad de vida.<\/p><p><strong>Mayor complejidad del tratamiento.<\/strong> Cuanto m\u00e1s avanza la recesi\u00f3n, m\u00e1s dif\u00edcil es la cobertura radicular completa.<\/p><\/p>\t\t\t\t\t\t\t\t<\/div>\n\t\t\t\t<\/div>\n\t\t\t\t\t<\/div>\n\t\t<\/div>\n\t\t\t\t\t<\/div>\n\t\t<\/section>\n\t\t\t\t<section class=\"elementor-section elementor-top-section elementor-element elementor-element-1b288c69 elementor-section-boxed elementor-section-height-default elementor-section-height-default\" data-id=\"1b288c69\" data-element_type=\"section\" data-e-type=\"section\">\n\t\t\t\t\t\t<div class=\"elementor-container elementor-column-gap-default\">\n\t\t\t\t\t<div class=\"elementor-column elementor-col-100 elementor-top-column elementor-element elementor-element-6eb700b5\" data-id=\"6eb700b5\" data-element_type=\"column\" data-e-type=\"column\">\n\t\t\t<div class=\"elementor-widget-wrap elementor-element-populated\">\n\t\t\t\t\t\t<div class=\"elementor-element elementor-element-5d3856cb elementor-widget elementor-widget-heading\" data-id=\"5d3856cb\" data-element_type=\"widget\" data-e-type=\"widget\" data-widget_type=\"heading.default\">\n\t\t\t\t<div class=\"elementor-widget-container\">\n\t\t\t\t\t<h2 class=\"elementor-heading-title elementor-size-default\">Enc\u00edas retra\u00eddas y ortodoncia: relaci\u00f3n y prevenci\u00f3n<\/h2>\t\t\t\t<\/div>\n\t\t\t\t<\/div>\n\t\t\t\t<div class=\"elementor-element elementor-element-46cccfa5 elementor-widget elementor-widget-text-editor\" data-id=\"46cccfa5\" data-element_type=\"widget\" data-e-type=\"widget\" data-widget_type=\"text-editor.default\">\n\t\t\t\t<div class=\"elementor-widget-container\">\n\t\t\t\t\t\t\t\t\t<p><p>La relaci\u00f3n entre ortodoncia y enc\u00edas retra\u00eddas es bidireccional: la recesi\u00f3n puede ser consecuencia de ortodoncia mal planificada, o puede estar presente antes del tratamiento y condicionar su desarrollo.<\/p><p><strong>C\u00f3mo la ortodoncia puede causar recesi\u00f3n.<\/strong> Desplazar dientes fuera de los l\u00edmites del hueso alveolar puede provocar recesi\u00f3n, especialmente en pacientes con biotipo periodontal fino o con <a href=\"\/en\/apinamiento-dental-soluciones\/\">api\u00f1amiento dental<\/a> severo.<\/p><p><strong>Evaluaci\u00f3n previa obligatoria.<\/strong> Todo paciente que inicie ortodoncia debe someterse a valoraci\u00f3n periodontal completa. Si hay recesi\u00f3n activa o biotipo de riesgo, puede ser necesario un injerto preventivo antes de mover los dientes.<\/p><p><strong>Invisalign y recesi\u00f3n gingival.<\/strong> Bien planificado, tiene un perfil de riesgo periodontal similar o inferior al de los brackets. La clave es respetar los l\u00edmites del hueso alveolar desde el inicio del plan de tratamiento.<\/p><div style=\"background-color:#f0fdf4;border-left:4px solid #16a34a;padding:20px;border-radius:8px;margin:20px 0;\"><h3 style=\"margin-top:0;color:#15803d;\">\u00bfTienes enc\u00edas retra\u00eddas y est\u00e1s pensando en ortodoncia invisible?<\/h3><p>Consulta los precios de ortodoncia invisible en Barcelona y descubre qu\u00e9 plan se adapta a tu caso.<\/p><p><a style=\"color:#15803d;font-weight:bold;text-decoration:underline;\" title=\"Precio ortodoncia invisible Barcelona\" href=\"\/en\/invisible-orthodontics-price-in-barcelona\/\">Ver precios de ortodoncia invisible<\/a><\/p><\/div><\/p>\t\t\t\t\t\t\t\t<\/div>\n\t\t\t\t<\/div>\n\t\t\t\t\t<\/div>\n\t\t<\/div>\n\t\t\t\t\t<\/div>\n\t\t<\/section>\n\t\t\t\t<section class=\"elementor-section elementor-top-section elementor-element elementor-element-4bb5246c elementor-section-boxed elementor-section-height-default elementor-section-height-default\" data-id=\"4bb5246c\" data-element_type=\"section\" data-e-type=\"section\">\n\t\t\t\t\t\t<div class=\"elementor-container elementor-column-gap-default\">\n\t\t\t\t\t<div class=\"elementor-column elementor-col-100 elementor-top-column elementor-element elementor-element-21195e24\" data-id=\"21195e24\" data-element_type=\"column\" data-e-type=\"column\">\n\t\t\t<div class=\"elementor-widget-wrap elementor-element-populated\">\n\t\t\t\t\t\t<div class=\"elementor-element elementor-element-e674256 elementor-widget elementor-widget-heading\" data-id=\"e674256\" data-element_type=\"widget\" data-e-type=\"widget\" data-widget_type=\"heading.default\">\n\t\t\t\t<div class=\"elementor-widget-container\">\n\t\t\t\t\t<h2 class=\"elementor-heading-title elementor-size-default\">Tratamiento: curetaje y raspado radicular<\/h2>\t\t\t\t<\/div>\n\t\t\t\t<\/div>\n\t\t\t\t<div class=\"elementor-element elementor-element-c1bc02f elementor-widget elementor-widget-text-editor\" data-id=\"c1bc02f\" data-element_type=\"widget\" data-e-type=\"widget\" data-widget_type=\"text-editor.default\">\n\t\t\t\t<div class=\"elementor-widget-container\">\n\t\t\t\t\t\t\t\t\t<p><p>Cuando la recesi\u00f3n est\u00e1 causada o agravada por periodontitis, el primer paso es eliminar la infecci\u00f3n. Sin controlar la causa infecciosa, cualquier tratamiento ser\u00e1 ineficaz a largo plazo.<\/p><p><strong>Raspado y alisado radicular (RAR).<\/strong> Tratamiento de primera l\u00ednea para la periodontitis. Elimina sarro y bacterias de la superficie radicular con curetas o ultrasonidos bajo anestesia local.<\/p><p><strong>Curetaje gingival.<\/strong> Complementario al RAR: elimina tejido inflamado del interior de los bolsillos periodontales.<\/p><p><strong>Mantenimiento periodontal.<\/strong> Revisiones cada 3-6 meses para controlar la salud de las enc\u00edas y prevenir recidivas.<\/p><\/p>\t\t\t\t\t\t\t\t<\/div>\n\t\t\t\t<\/div>\n\t\t\t\t\t<\/div>\n\t\t<\/div>\n\t\t\t\t\t<\/div>\n\t\t<\/section>\n\t\t\t\t<section class=\"elementor-section elementor-top-section elementor-element elementor-element-5a3ad74d elementor-section-boxed elementor-section-height-default elementor-section-height-default\" data-id=\"5a3ad74d\" data-element_type=\"section\" data-e-type=\"section\">\n\t\t\t\t\t\t<div class=\"elementor-container elementor-column-gap-default\">\n\t\t\t\t\t<div class=\"elementor-column elementor-col-100 elementor-top-column elementor-element elementor-element-425ceeeb\" data-id=\"425ceeeb\" data-element_type=\"column\" data-e-type=\"column\">\n\t\t\t<div class=\"elementor-widget-wrap elementor-element-populated\">\n\t\t\t\t\t\t<div class=\"elementor-element elementor-element-1c39bfd2 elementor-widget elementor-widget-heading\" data-id=\"1c39bfd2\" data-element_type=\"widget\" data-e-type=\"widget\" data-widget_type=\"heading.default\">\n\t\t\t\t<div class=\"elementor-widget-container\">\n\t\t\t\t\t<h2 class=\"elementor-heading-title elementor-size-default\">Injerto de enc\u00edas: tipos y cu\u00e1ndo es necesario<\/h2>\t\t\t\t<\/div>\n\t\t\t\t<\/div>\n\t\t\t\t<div class=\"elementor-element elementor-element-38df9314 elementor-widget elementor-widget-text-editor\" data-id=\"38df9314\" data-element_type=\"widget\" data-e-type=\"widget\" data-widget_type=\"text-editor.default\">\n\t\t\t\t<div class=\"elementor-widget-container\">\n\t\t\t\t\t\t\t\t\t<p><p>El injerto de enc\u00edas es el procedimiento que permite recuperar tejido gingival perdido. Indicado cuando la recesi\u00f3n afecta a la est\u00e9tica, produce sensibilidad persistente, pone en riesgo la viabilidad del diente o va a iniciarse ortodoncia en zona con biotipo fino.<\/p><p><strong>Injerto de tejido conjuntivo subepitelial.<\/strong> La t\u00e9cnica m\u00e1s usada y con mejores resultados. Extrae tejido conjuntivo del paladar y lo coloca bajo un colgajo en la zona receptora. Cobertura completa en clases I y II de Miller.<\/p><p><strong>Injerto gingival libre.<\/strong> Trasplante directo desde el paladar. Preferido para aumentar el grosor de enc\u00eda queratinizada.<\/p><p><strong>Matriz d\u00e9rmica acelular.<\/strong> Alternativa sin zona donante. Resultados algo inferiores al injerto aut\u00f3logo.<\/p><p>La recuperaci\u00f3n dura entre 2 y 4 semanas con dieta blanda.<\/p><\/p>\t\t\t\t\t\t\t\t<\/div>\n\t\t\t\t<\/div>\n\t\t\t\t\t<\/div>\n\t\t<\/div>\n\t\t\t\t\t<\/div>\n\t\t<\/section>\n\t\t\t\t<section class=\"elementor-section elementor-top-section elementor-element elementor-element-574ef470 elementor-section-boxed elementor-section-height-default elementor-section-height-default\" data-id=\"574ef470\" data-element_type=\"section\" data-e-type=\"section\">\n\t\t\t\t\t\t<div class=\"elementor-container elementor-column-gap-default\">\n\t\t\t\t\t<div class=\"elementor-column elementor-col-100 elementor-top-column elementor-element elementor-element-71c8fa1c\" data-id=\"71c8fa1c\" data-element_type=\"column\" data-e-type=\"column\">\n\t\t\t<div class=\"elementor-widget-wrap elementor-element-populated\">\n\t\t\t\t\t\t<div class=\"elementor-element elementor-element-168fc1e5 elementor-widget elementor-widget-heading\" data-id=\"168fc1e5\" data-element_type=\"widget\" data-e-type=\"widget\" data-widget_type=\"heading.default\">\n\t\t\t\t<div class=\"elementor-widget-container\">\n\t\t\t\t\t<h2 class=\"elementor-heading-title elementor-size-default\">Enc\u00edas retra\u00eddas por bruxismo: diagn\u00f3stico y tratamiento<\/h2>\t\t\t\t<\/div>\n\t\t\t\t<\/div>\n\t\t\t\t<div class=\"elementor-element elementor-element-c6abd3f elementor-widget elementor-widget-text-editor\" data-id=\"c6abd3f\" data-element_type=\"widget\" data-e-type=\"widget\" data-widget_type=\"text-editor.default\">\n\t\t\t\t<div class=\"elementor-widget-container\">\n\t\t\t\t\t\t\t\t\t<p><p>El bruxismo \u2014apretar o rechinar los dientes\u2014 es un factor de riesgo reconocido para la recesi\u00f3n gingival, especialmente con biotipo periodontal fino. Las fuerzas excesivas favorecen la inflamaci\u00f3n y aceleran la p\u00e9rdida de soporte.<\/p><p><strong>Diagn\u00f3stico.<\/strong> Desgaste de bordes dentales, sensibilidad muscular e hipertrofia del masetero son los signos m\u00e1s frecuentes.<\/p><p><strong>Tratamiento combinado.<\/strong> En pacientes con enc\u00edas retra\u00eddas y bruxismo, el tratamiento de la recesi\u00f3n debe combinarse siempre con la f\u00e9rula de descarga nocturna. Sin controlar el bruxismo, el resultado del injerto puede comprometerse a largo plazo.<\/p><\/p>\t\t\t\t\t\t\t\t<\/div>\n\t\t\t\t<\/div>\n\t\t\t\t\t<\/div>\n\t\t<\/div>\n\t\t\t\t\t<\/div>\n\t\t<\/section>\n\t\t\t\t<section class=\"elementor-section elementor-top-section elementor-element elementor-element-1b393fcb elementor-section-boxed elementor-section-height-default elementor-section-height-default\" data-id=\"1b393fcb\" data-element_type=\"section\" data-e-type=\"section\">\n\t\t\t\t\t\t<div class=\"elementor-container elementor-column-gap-default\">\n\t\t\t\t\t<div class=\"elementor-column elementor-col-100 elementor-top-column elementor-element elementor-element-5c5ec192\" data-id=\"5c5ec192\" data-element_type=\"column\" data-e-type=\"column\">\n\t\t\t<div class=\"elementor-widget-wrap elementor-element-populated\">\n\t\t\t\t\t\t<div class=\"elementor-element elementor-element-3849ce19 elementor-widget elementor-widget-heading\" data-id=\"3849ce19\" data-element_type=\"widget\" data-e-type=\"widget\" data-widget_type=\"heading.default\">\n\t\t\t\t<div class=\"elementor-widget-container\">\n\t\t\t\t\t<h2 class=\"elementor-heading-title elementor-size-default\">Prevenci\u00f3n de la recesi\u00f3n gingival<\/h2>\t\t\t\t<\/div>\n\t\t\t\t<\/div>\n\t\t\t\t<div class=\"elementor-element elementor-element-34718995 elementor-widget elementor-widget-text-editor\" data-id=\"34718995\" data-element_type=\"widget\" data-e-type=\"widget\" data-widget_type=\"text-editor.default\">\n\t\t\t\t<div class=\"elementor-widget-container\">\n\t\t\t\t\t\t\t\t\t<p><p><strong>T\u00e9cnica de cepillado correcta.<\/strong> Cepillo de cerdas suaves, movimientos suaves en direcci\u00f3n enc\u00eda-diente. El cepillo el\u00e9ctrico con sensor de presi\u00f3n ayuda a pacientes con tendencia al cepillado agresivo.<\/p><p><strong>Hilo dental e irrigador.<\/strong> La higiene interproximal previene la acumulaci\u00f3n de placa, principal factor de riesgo para la gingivitis.<\/p><p><strong>Revisiones periodontales.<\/strong> Cada 6-12 meses para detectar signos tempranos de recesi\u00f3n antes de que avance.<\/p><p><strong>Tratamiento del bruxismo.<\/strong> La f\u00e9rula de descarga nocturna protege el periodonto de las fuerzas excesivas.<\/p><p><strong>Dejar de fumar.<\/strong> El tabaco es uno de los factores de riesgo m\u00e1s potentes para la enfermedad periodontal.<\/p><\/p>\t\t\t\t\t\t\t\t<\/div>\n\t\t\t\t<\/div>\n\t\t\t\t\t<\/div>\n\t\t<\/div>\n\t\t\t\t\t<\/div>\n\t\t<\/section>\n\t\t\t\t<section class=\"elementor-section elementor-top-section elementor-element elementor-element-71a96c39 elementor-section-boxed elementor-section-height-default elementor-section-height-default\" data-id=\"71a96c39\" data-element_type=\"section\" data-e-type=\"section\">\n\t\t\t\t\t\t<div class=\"elementor-container elementor-column-gap-default\">\n\t\t\t\t\t<div class=\"elementor-column elementor-col-100 elementor-top-column elementor-element elementor-element-72c58a1d\" data-id=\"72c58a1d\" data-element_type=\"column\" data-e-type=\"column\">\n\t\t\t<div class=\"elementor-widget-wrap elementor-element-populated\">\n\t\t\t\t\t\t<div class=\"elementor-element elementor-element-6acf7c0f elementor-widget elementor-widget-heading\" data-id=\"6acf7c0f\" data-element_type=\"widget\" data-e-type=\"widget\" data-widget_type=\"heading.default\">\n\t\t\t\t<div class=\"elementor-widget-container\">\n\t\t\t\t\t<h2 class=\"elementor-heading-title elementor-size-default\">Precio del tratamiento de las enc\u00edas retra\u00eddas<\/h2>\t\t\t\t<\/div>\n\t\t\t\t<\/div>\n\t\t\t\t<div class=\"elementor-element elementor-element-3a785685 elementor-widget elementor-widget-accordion\" data-id=\"3a785685\" data-element_type=\"widget\" data-e-type=\"widget\" data-widget_type=\"accordion.default\">\n\t\t\t\t<div class=\"elementor-widget-container\">\n\t\t\t\t\t\t\t<div class=\"elementor-accordion\">\n\t\t\t\t\t\t\t<div class=\"elementor-accordion-item\">\n\t\t\t\t\t<div id=\"elementor-tab-title-9801\" class=\"elementor-tab-title\" data-tab=\"1\" role=\"button\" aria-controls=\"elementor-tab-content-9801\" aria-expanded=\"false\">\n\t\t\t\t\t\t\t\t\t\t\t\t\t<span class=\"elementor-accordion-icon elementor-accordion-icon-left\" aria-hidden=\"true\">\n\t\t\t\t\t\t\t\t\t\t\t\t\t\t\t<span class=\"elementor-accordion-icon-closed\"><i class=\"fas fa-plus\"><\/i><\/span>\n\t\t\t\t\t\t\t\t<span class=\"elementor-accordion-icon-opened\"><i class=\"fas fa-minus\"><\/i><\/span>\n\t\t\t\t\t\t\t\t\t\t\t\t\t\t<\/span>\n\t\t\t\t\t\t\t\t\t\t\t\t<a class=\"elementor-accordion-title\" tabindex=\"0\">\u00bfPueden volver a crecer las enc\u00edas retra\u00eddas?<\/a>\n\t\t\t\t\t<\/div>\n\t\t\t\t\t<div id=\"elementor-tab-content-9801\" class=\"elementor-tab-content elementor-clearfix\" data-tab=\"1\" role=\"region\" aria-labelledby=\"elementor-tab-title-9801\"><p>No de forma espont\u00e1nea. La \u00fanica forma de recuperar enc\u00eda perdida es mediante injerto de enc\u00edas o t\u00e9cnicas de regeneraci\u00f3n tisular guiada. Sin cirug\u00eda, solo puede detenerse la progresi\u00f3n eliminando la causa.<\/p><\/div>\n\t\t\t\t<\/div>\n\t\t\t\t\t\t\t<div class=\"elementor-accordion-item\">\n\t\t\t\t\t<div id=\"elementor-tab-title-9802\" class=\"elementor-tab-title\" data-tab=\"2\" role=\"button\" aria-controls=\"elementor-tab-content-9802\" aria-expanded=\"false\">\n\t\t\t\t\t\t\t\t\t\t\t\t\t<span class=\"elementor-accordion-icon elementor-accordion-icon-left\" aria-hidden=\"true\">\n\t\t\t\t\t\t\t\t\t\t\t\t\t\t\t<span class=\"elementor-accordion-icon-closed\"><i class=\"fas fa-plus\"><\/i><\/span>\n\t\t\t\t\t\t\t\t<span class=\"elementor-accordion-icon-opened\"><i class=\"fas fa-minus\"><\/i><\/span>\n\t\t\t\t\t\t\t\t\t\t\t\t\t\t<\/span>\n\t\t\t\t\t\t\t\t\t\t\t\t<a class=\"elementor-accordion-title\" tabindex=\"0\">\u00bfLas enc\u00edas retra\u00eddas tienen cura?<\/a>\n\t\t\t\t\t<\/div>\n\t\t\t\t\t<div id=\"elementor-tab-content-9802\" class=\"elementor-tab-content elementor-clearfix\" data-tab=\"2\" role=\"region\" aria-labelledby=\"elementor-tab-title-9802\"><p>S\u00ed, en funci\u00f3n del grado. Las clases I y II de Miller pueden recuperarse completamente con un injerto bien ejecutado. Las clases III y IV permiten coberturas parciales. El diagn\u00f3stico temprano es clave para obtener los mejores resultados.<\/p><\/div>\n\t\t\t\t<\/div>\n\t\t\t\t\t\t\t<div class=\"elementor-accordion-item\">\n\t\t\t\t\t<div id=\"elementor-tab-title-9803\" class=\"elementor-tab-title\" data-tab=\"3\" role=\"button\" aria-controls=\"elementor-tab-content-9803\" aria-expanded=\"false\">\n\t\t\t\t\t\t\t\t\t\t\t\t\t<span class=\"elementor-accordion-icon elementor-accordion-icon-left\" aria-hidden=\"true\">\n\t\t\t\t\t\t\t\t\t\t\t\t\t\t\t<span class=\"elementor-accordion-icon-closed\"><i class=\"fas fa-plus\"><\/i><\/span>\n\t\t\t\t\t\t\t\t<span class=\"elementor-accordion-icon-opened\"><i class=\"fas fa-minus\"><\/i><\/span>\n\t\t\t\t\t\t\t\t\t\t\t\t\t\t<\/span>\n\t\t\t\t\t\t\t\t\t\t\t\t<a class=\"elementor-accordion-title\" tabindex=\"0\">\u00bfEl cepillado fuerte causa enc\u00edas retra\u00eddas?<\/a>\n\t\t\t\t\t<\/div>\n\t\t\t\t\t<div id=\"elementor-tab-content-9803\" class=\"elementor-tab-content elementor-clearfix\" data-tab=\"3\" role=\"region\" aria-labelledby=\"elementor-tab-title-9803\"><p>S\u00ed, es una de las causas m\u00e1s frecuentes. El cepillado horizontal con presi\u00f3n excesiva produce abrasi\u00f3n mec\u00e1nica progresiva. Corregir la t\u00e9cnica detiene la progresi\u00f3n, pero no recupera el tejido ya perdido.<\/p><\/div>\n\t\t\t\t<\/div>\n\t\t\t\t\t\t\t<div class=\"elementor-accordion-item\">\n\t\t\t\t\t<div id=\"elementor-tab-title-9804\" class=\"elementor-tab-title\" data-tab=\"4\" role=\"button\" aria-controls=\"elementor-tab-content-9804\" aria-expanded=\"false\">\n\t\t\t\t\t\t\t\t\t\t\t\t\t<span class=\"elementor-accordion-icon elementor-accordion-icon-left\" aria-hidden=\"true\">\n\t\t\t\t\t\t\t\t\t\t\t\t\t\t\t<span class=\"elementor-accordion-icon-closed\"><i class=\"fas fa-plus\"><\/i><\/span>\n\t\t\t\t\t\t\t\t<span class=\"elementor-accordion-icon-opened\"><i class=\"fas fa-minus\"><\/i><\/span>\n\t\t\t\t\t\t\t\t\t\t\t\t\t\t<\/span>\n\t\t\t\t\t\t\t\t\t\t\t\t<a class=\"elementor-accordion-title\" tabindex=\"0\">\u00bfInvisalign puede causar recesi\u00f3n gingival?<\/a>\n\t\t\t\t\t<\/div>\n\t\t\t\t\t<div id=\"elementor-tab-content-9804\" class=\"elementor-tab-content elementor-clearfix\" data-tab=\"4\" role=\"region\" aria-labelledby=\"elementor-tab-title-9804\"><p>Puede hacerlo si el plan de movimiento no respeta los l\u00edmites del hueso alveolar. Por eso es fundamental la valoraci\u00f3n periodontal previa. Cuando el plan est\u00e1 bien dise\u00f1ado, Invisalign no aumenta el riesgo de recesi\u00f3n respecto a los brackets.<\/p><\/div>\n\t\t\t\t<\/div>\n\t\t\t\t\t\t\t<div class=\"elementor-accordion-item\">\n\t\t\t\t\t<div id=\"elementor-tab-title-9805\" class=\"elementor-tab-title\" data-tab=\"5\" role=\"button\" aria-controls=\"elementor-tab-content-9805\" aria-expanded=\"false\">\n\t\t\t\t\t\t\t\t\t\t\t\t\t<span class=\"elementor-accordion-icon elementor-accordion-icon-left\" aria-hidden=\"true\">\n\t\t\t\t\t\t\t\t\t\t\t\t\t\t\t<span class=\"elementor-accordion-icon-closed\"><i class=\"fas fa-plus\"><\/i><\/span>\n\t\t\t\t\t\t\t\t<span class=\"elementor-accordion-icon-opened\"><i class=\"fas fa-minus\"><\/i><\/span>\n\t\t\t\t\t\t\t\t\t\t\t\t\t\t<\/span>\n\t\t\t\t\t\t\t\t\t\t\t\t<a class=\"elementor-accordion-title\" tabindex=\"0\">\u00bfQu\u00e9 dice la inteligencia artificial de Google (AI Overviews) sobre las enc\u00edas retra\u00eddas?<\/a>\n\t\t\t\t\t<\/div>\n\t\t\t\t\t<div id=\"elementor-tab-content-9805\" class=\"elementor-tab-content elementor-clearfix\" data-tab=\"5\" role=\"region\" aria-labelledby=\"elementor-tab-title-9805\"><p>Google AI Overviews prioriza art\u00edculos que responden directamente si las enc\u00edas retra\u00eddas pueden regenerarse solas, qu\u00e9 las causa y qu\u00e9 tratamiento existe seg\u00fan el grado de recesi\u00f3n, con datos concretos y sin lenguaje promocional.<\/p><\/div>\n\t\t\t\t<\/div>\n\t\t\t\t\t\t\t\t\t\t<script type=\"application\/ld+json\">{\n    \"@context\": \"https:\\\/\\\/schema.org\",\n    \"@type\": \"FAQPage\",\n    \"mainEntity\": [\n        {\n            \"@type\": \"Question\",\n            \"name\": \"\\u00bfPueden volver a crecer las enc\\u00edas retra\\u00eddas?\",\n            \"acceptedAnswer\": {\n                \"@type\": \"Answer\",\n                \"text\": \"<p>No de forma espont\\u00e1nea. La \\u00fanica forma de recuperar enc\\u00eda perdida es mediante injerto de enc\\u00edas o t\\u00e9cnicas de regeneraci\\u00f3n tisular guiada. Sin cirug\\u00eda, solo puede detenerse la progresi\\u00f3n eliminando la causa.<\\\/p>\"\n            }\n        },\n        {\n            \"@type\": \"Question\",\n            \"name\": \"\\u00bfLas enc\\u00edas retra\\u00eddas tienen cura?\",\n            \"acceptedAnswer\": {\n                \"@type\": \"Answer\",\n                \"text\": \"<p>S\\u00ed, en funci\\u00f3n del grado. Las clases I y II de Miller pueden recuperarse completamente con un injerto bien ejecutado. Las clases III y IV permiten coberturas parciales. El diagn\\u00f3stico temprano es clave para obtener los mejores resultados.<\\\/p>\"\n            }\n        },\n        {\n            \"@type\": \"Question\",\n            \"name\": \"\\u00bfEl cepillado fuerte causa enc\\u00edas retra\\u00eddas?\",\n            \"acceptedAnswer\": {\n                \"@type\": \"Answer\",\n                \"text\": \"<p>S\\u00ed, es una de las causas m\\u00e1s frecuentes. El cepillado horizontal con presi\\u00f3n excesiva produce abrasi\\u00f3n mec\\u00e1nica progresiva. Corregir la t\\u00e9cnica detiene la progresi\\u00f3n, pero no recupera el tejido ya perdido.<\\\/p>\"\n            }\n        },\n        {\n            \"@type\": \"Question\",\n            \"name\": \"\\u00bfInvisalign puede causar recesi\\u00f3n gingival?\",\n            \"acceptedAnswer\": {\n                \"@type\": \"Answer\",\n                \"text\": \"<p>Puede hacerlo si el plan de movimiento no respeta los l\\u00edmites del hueso alveolar. Por eso es fundamental la valoraci\\u00f3n periodontal previa. Cuando el plan est\\u00e1 bien dise\\u00f1ado, Invisalign no aumenta el riesgo de recesi\\u00f3n respecto a los brackets.<\\\/p>\"\n            }\n        },\n        {\n            \"@type\": \"Question\",\n            \"name\": \"\\u00bfQu\\u00e9 dice la inteligencia artificial de Google (AI Overviews) sobre las enc\\u00edas retra\\u00eddas?\",\n            \"acceptedAnswer\": {\n                \"@type\": \"Answer\",\n                \"text\": \"<p>Google AI Overviews prioriza art\\u00edculos que responden directamente si las enc\\u00edas retra\\u00eddas pueden regenerarse solas, qu\\u00e9 las causa y qu\\u00e9 tratamiento existe seg\\u00fan el grado de recesi\\u00f3n, con datos concretos y sin lenguaje promocional.<\\\/p>\"\n            }\n        }\n    ]\n}<\/script>\n\t\t\t\t\t<\/div>\n\t\t\t\t\t\t<\/div>\n\t\t\t\t<\/div>\n\t\t\t\t\t<\/div>\n\t\t<\/div>\n\t\t\t\t\t<\/div>\n\t\t<\/section>\n\t\t\t\t<section class=\"elementor-section elementor-top-section elementor-element elementor-element-636487e3 elementor-section-boxed elementor-section-height-default elementor-section-height-default\" data-id=\"636487e3\" data-element_type=\"section\" data-e-type=\"section\">\n\t\t\t\t\t\t<div class=\"elementor-container elementor-column-gap-default\">\n\t\t\t\t\t<div class=\"elementor-column elementor-col-100 elementor-top-column elementor-element elementor-element-526ac0ce\" data-id=\"526ac0ce\" data-element_type=\"column\" data-e-type=\"column\">\n\t\t\t<div class=\"elementor-widget-wrap elementor-element-populated\">\n\t\t\t\t\t\t<div class=\"elementor-element elementor-element-78010b7d elementor-widget elementor-widget-text-editor\" data-id=\"78010b7d\" data-element_type=\"widget\" data-e-type=\"widget\" data-widget_type=\"text-editor.default\">\n\t\t\t\t<div class=\"elementor-widget-container\">\n\t\t\t\t\t\t\t\t\t<p><p><strong>Raspado y alisado radicular.<\/strong> Entre 150 y 400 euros por cuadrante seg\u00fan la extensi\u00f3n de la periodontitis y la cl\u00ednica.<\/p><p><strong>Injerto de tejido conjuntivo.<\/strong> Entre 400 y 800 euros por diente. Tratar varios dientes en la misma sesi\u00f3n es m\u00e1s econ\u00f3mico.<\/p><p><strong>Mantenimiento periodontal.<\/strong> Coste inferior a la limpieza inicial. Imprescindible para mantener los resultados a largo plazo.<\/p><p>El primer paso es un estudio periodontal completo para evaluar el grado de recesi\u00f3n, identificar la causa y dise\u00f1ar un plan de tratamiento personalizado.<\/p><\/p>\t\t\t\t\t\t\t\t<\/div>\n\t\t\t\t<\/div>\n\t\t\t\t<div class=\"elementor-element elementor-element-5141365 elementor-widget elementor-widget-shortcode\" data-id=\"5141365\" data-element_type=\"widget\" data-e-type=\"widget\" data-widget_type=\"shortcode.default\">\n\t\t\t\t<div class=\"elementor-widget-container\">\n\t\t\t\t\t\t\t<div class=\"elementor-shortcode\"><!-- FeedbackWP Plugin --><div  class=\"rmp-widgets-container rmp-wp-plugin rmp-main-container js-rmp-widgets-container js-rmp-widgets-container--16370\"  data-post-id=\"16370\">    <!-- Rating widget -->  <div class=\"rmp-rating-widget js-rmp-rating-widget\">          <p class=\"rmp-heading rmp-heading--title\">        \u00bfDe cu\u00e1nta utilidad te ha parecido este contenido?      <\/p>              <p class=\"rmp-heading rmp-heading--subtitle\">        \u00a1Haz clic en una estrella para puntuarlo!      <\/p>        <div class=\"rmp-rating-widget__icons\">      <ul class=\"rmp-rating-widget__icons-list js-rmp-rating-icons-list\">                  <li class=\"rmp-rating-widget__icons-list__icon js-rmp-rating-item\" data-descriptive-rating=\"Nada \u00fatil\" data-value=\"1\">              <i class=\"js-rmp-rating-icon rmp-icon rmp-icon--ratings rmp-icon--star\"><\/i>          <\/li>                  <li class=\"rmp-rating-widget__icons-list__icon js-rmp-rating-item\" data-descriptive-rating=\"Algo \u00fatil\" data-value=\"2\">              <i class=\"js-rmp-rating-icon rmp-icon rmp-icon--ratings rmp-icon--star\"><\/i>          <\/li>                  <li class=\"rmp-rating-widget__icons-list__icon js-rmp-rating-item\" data-descriptive-rating=\"\u00datil\" data-value=\"3\">              <i class=\"js-rmp-rating-icon rmp-icon rmp-icon--ratings rmp-icon--star\"><\/i>          <\/li>                  <li class=\"rmp-rating-widget__icons-list__icon js-rmp-rating-item\" data-descriptive-rating=\"Bastante \u00fatil\" data-value=\"4\">              <i class=\"js-rmp-rating-icon rmp-icon rmp-icon--ratings rmp-icon--star\"><\/i>          <\/li>                  <li class=\"rmp-rating-widget__icons-list__icon js-rmp-rating-item\" data-descriptive-rating=\"Muy \u00fatil\" data-value=\"5\">              <i class=\"js-rmp-rating-icon rmp-icon rmp-icon--ratings rmp-icon--star\"><\/i>          <\/li>              <\/ul>    <\/div>    <p class=\"rmp-rating-widget__hover-text js-rmp-hover-text\"><\/p>        <button class=\"rmp-rating-widget__submit-btn rmp-btn js-submit-rating-btn\">      Enviar la puntuaci\u00f3n    <\/button>    <p class=\"rmp-rating-widget__results js-rmp-results rmp-rating-widget__results--hidden\">      Puntuaci\u00f3n media <span class=\"rmp-rating-widget__results__rating js-rmp-avg-rating\">0<\/span> \/ 5. Recuento de votos: <span class=\"rmp-rating-widget__results__votes js-rmp-vote-count\">0<\/span>    <\/p>    <p class=\"rmp-rating-widget__not-rated js-rmp-not-rated\">      Hasta ahora, \u00a1no hay votos!. S\u00e9 el primero en puntuar este contenido.    <\/p>    <p class=\"rmp-rating-widget__msg js-rmp-msg\"><\/p>  <\/div>  <!--Structured data -->        <\/div><\/div>\n\t\t\t\t\t\t<\/div>\n\t\t\t\t<\/div>\n\t\t\t\t\t<\/div>\n\t\t<\/div>\n\t\t\t\t\t<\/div>\n\t\t<\/section>\n\t\t\t\t<section class=\"elementor-section elementor-top-section elementor-element elementor-element-5c24501d elementor-section-boxed elementor-section-height-default elementor-section-height-default\" data-id=\"5c24501d\" data-element_type=\"section\" data-e-type=\"section\">\n\t\t\t\t\t\t<div class=\"elementor-container elementor-column-gap-default\">\n\t\t\t\t\t<div class=\"elementor-column elementor-col-50 elementor-top-column elementor-element elementor-element-35dae87c\" data-id=\"35dae87c\" data-element_type=\"column\" data-e-type=\"column\">\n\t\t\t<div class=\"elementor-widget-wrap elementor-element-populated\">\n\t\t\t\t\t\t<div class=\"elementor-element elementor-element-59f9213d elementor-view-default elementor-position-block-start elementor-mobile-position-block-start elementor-widget elementor-widget-icon-box\" data-id=\"59f9213d\" data-element_type=\"widget\" data-e-type=\"widget\" data-widget_type=\"icon-box.default\">\n\t\t\t\t<div class=\"elementor-widget-container\">\n\t\t\t\t\t\t\t<div class=\"elementor-icon-box-wrapper\">\n\n\t\t\t\t\t\t<div class=\"elementor-icon-box-icon\">\n\t\t\t\t<a href=\"https:\/\/share.google\/5cU6eKZgy4v6SO4UH\" target=\"_blank\" class=\"elementor-icon\" tabindex=\"-1\" aria-label=\"Visite nuestra empresa\">\n\t\t\t\t<i aria-hidden=\"true\" class=\"fab fa-google\"><\/i>\t\t\t\t<\/a>\n\t\t\t<\/div>\n\t\t\t\n\t\t\t\t\t\t<div class=\"elementor-icon-box-content\">\n\n\t\t\t\t\t\t\t\t\t<h5 class=\"elementor-icon-box-title\">\n\t\t\t\t\t\t<a href=\"https:\/\/share.google\/5cU6eKZgy4v6SO4UH\" target=\"_blank\" >\n\t\t\t\t\t\t\tVisite nuestra empresa\t\t\t\t\t\t<\/a>\n\t\t\t\t\t<\/h5>\n\t\t\t\t\n\t\t\t\t\n\t\t\t<\/div>\n\t\t\t\n\t\t<\/div>\n\t\t\t\t\t\t<\/div>\n\t\t\t\t<\/div>\n\t\t\t\t\t<\/div>\n\t\t<\/div>\n\t\t\t\t<div class=\"elementor-column elementor-col-50 elementor-top-column elementor-element elementor-element-67a8ac99\" data-id=\"67a8ac99\" data-element_type=\"column\" data-e-type=\"column\">\n\t\t\t<div class=\"elementor-widget-wrap elementor-element-populated\">\n\t\t\t\t\t\t<div class=\"elementor-element elementor-element-624b373d elementor-view-default elementor-position-block-start elementor-mobile-position-block-start elementor-widget elementor-widget-icon-box\" data-id=\"624b373d\" data-element_type=\"widget\" data-e-type=\"widget\" data-widget_type=\"icon-box.default\">\n\t\t\t\t<div class=\"elementor-widget-container\">\n\t\t\t\t\t\t\t<div class=\"elementor-icon-box-wrapper\">\n\n\t\t\t\t\t\t<div class=\"elementor-icon-box-icon\">\n\t\t\t\t<a href=\"\/en\/contact\/\" class=\"elementor-icon\" tabindex=\"-1\" aria-label=\"Contacte con nosotros\">\n\t\t\t\t<i aria-hidden=\"true\" class=\"far fa-envelope\"><\/i>\t\t\t\t<\/a>\n\t\t\t<\/div>\n\t\t\t\n\t\t\t\t\t\t<div class=\"elementor-icon-box-content\">\n\n\t\t\t\t\t\t\t\t\t<h5 class=\"elementor-icon-box-title\">\n\t\t\t\t\t\t<a href=\"\/en\/contact\/\" >\n\t\t\t\t\t\t\tContacte con nosotros\t\t\t\t\t\t<\/a>\n\t\t\t\t\t<\/h5>\n\t\t\t\t\n\t\t\t\t\n\t\t\t<\/div>\n\t\t\t\n\t\t<\/div>\n\t\t\t\t\t\t<\/div>\n\t\t\t\t<\/div>\n\t\t\t\t\t<\/div>\n\t\t<\/div>\n\t\t\t\t\t<\/div>\n\t\t<\/section>\n\t\t\t\t<section class=\"elementor-section elementor-top-section elementor-element elementor-element-2f194dc0 elementor-section-boxed elementor-section-height-default elementor-section-height-default\" data-id=\"2f194dc0\" data-element_type=\"section\" data-e-type=\"section\">\n\t\t\t\t\t\t<div class=\"elementor-container elementor-column-gap-default\">\n\t\t\t\t\t<div class=\"elementor-column elementor-col-100 elementor-top-column elementor-element elementor-element-23ba68a2\" data-id=\"23ba68a2\" data-element_type=\"column\" data-e-type=\"column\">\n\t\t\t<div class=\"elementor-widget-wrap elementor-element-populated\">\n\t\t\t\t\t\t<div class=\"elementor-element elementor-element-7789ed elementor-widget-divider--view-line_text elementor-widget-divider--element-align-left elementor-widget elementor-widget-divider\" data-id=\"7789ed\" data-element_type=\"widget\" data-e-type=\"widget\" data-widget_type=\"divider.default\">\n\t\t\t\t<div class=\"elementor-widget-container\">\n\t\t\t\t\t\t\t<div class=\"elementor-divider\">\n\t\t\t<span class=\"elementor-divider-separator\">\n\t\t\t\t\t\t\t<span class=\"elementor-divider__text elementor-divider__element\">\n\t\t\t\tM\u00e1s<b> Noticias<\/b>\t\t\t\t<\/span>\n\t\t\t\t\t\t<\/span>\n\t\t<\/div>\n\t\t\t\t\t\t<\/div>\n\t\t\t\t<\/div>\n\t\t\t\t\t<\/div>\n\t\t<\/div>\n\t\t\t\t\t<\/div>\n\t\t<\/section>\n\t\t\t\t<section class=\"elementor-section elementor-top-section elementor-element elementor-element-358f1196 elementor-section-boxed elementor-section-height-default elementor-section-height-default\" data-id=\"358f1196\" data-element_type=\"section\" data-e-type=\"section\">\n\t\t\t\t\t\t<div class=\"elementor-container elementor-column-gap-default\">\n\t\t\t\t\t<div class=\"elementor-column elementor-col-100 elementor-top-column elementor-element elementor-element-189fbc99\" data-id=\"189fbc99\" data-element_type=\"column\" data-e-type=\"column\">\n\t\t\t<div class=\"elementor-widget-wrap elementor-element-populated\">\n\t\t\t\t\t\t<div class=\"elementor-element elementor-element-7872080e elementor-grid-2 elementor-grid-tablet-2 elementor-grid-mobile-1 elementor-posts--thumbnail-top elementor-card-shadow-yes elementor-posts__hover-gradient elementor-widget elementor-widget-posts\" data-id=\"7872080e\" data-element_type=\"widget\" data-e-type=\"widget\" data-settings=\"{&quot;cards_columns&quot;:&quot;2&quot;,&quot;cards_columns_tablet&quot;:&quot;2&quot;,&quot;cards_columns_mobile&quot;:&quot;1&quot;,&quot;cards_row_gap&quot;:{&quot;unit&quot;:&quot;px&quot;,&quot;size&quot;:35,&quot;sizes&quot;:[]},&quot;cards_row_gap_tablet&quot;:{&quot;unit&quot;:&quot;px&quot;,&quot;size&quot;:&quot;&quot;,&quot;sizes&quot;:[]},&quot;cards_row_gap_mobile&quot;:{&quot;unit&quot;:&quot;px&quot;,&quot;size&quot;:&quot;&quot;,&quot;sizes&quot;:[]}}\" data-widget_type=\"posts.cards\">\n\t\t\t\t<div class=\"elementor-widget-container\">\n\t\t\t\t\t\t\t<div class=\"elementor-posts-container elementor-posts elementor-posts--skin-cards elementor-grid\" role=\"list\">\n\t\t\t\t<article class=\"elementor-post elementor-grid-item post-16447 post type-post status-publish format-standard has-post-thumbnail hentry category-articulos-generales\" role=\"listitem\">\n\t\t\t<div class=\"elementor-post__card\">\n\t\t\t\t<a class=\"elementor-post__thumbnail__link\" href=\"https:\/\/clinicamarianasacotonavia.com\/en\/retencion-dental\/\" tabindex=\"-1\" target=\"_blank\"><div class=\"elementor-post__thumbnail\"><img decoding=\"async\" width=\"612\" height=\"408\" src=\"https:\/\/clinicamarianasacotonavia.com\/wp-content\/uploads\/2026\/04\/retencion-dental-.jpg\" class=\"attachment-large size-large wp-image-16458\" alt=\"Chica joven sosteniendo un retenedor dental transparente tras tratamiento de ortodoncia invisible\" srcset=\"https:\/\/clinicamarianasacotonavia.com\/wp-content\/uploads\/2026\/04\/retencion-dental-.jpg 612w, https:\/\/clinicamarianasacotonavia.com\/wp-content\/uploads\/2026\/04\/retencion-dental--300x200.jpg 300w, https:\/\/clinicamarianasacotonavia.com\/wp-content\/uploads\/2026\/04\/retencion-dental--18x12.jpg 18w\" sizes=\"(max-width: 612px) 100vw, 612px\" \/><\/div><\/a>\n\t\t\t\t<div class=\"elementor-post__badge\">Art\u00edculos generales<\/div>\n\t\t\t\t<div class=\"elementor-post__text\">\n\t\t\t\t<h3 class=\"elementor-post__title\">\n\t\t\t<a href=\"https:\/\/clinicamarianasacotonavia.com\/en\/retencion-dental\/\" target=\"&quot;_blank&quot;\">\n\t\t\t\tRetenci\u00f3n Dental: Qu\u00e9 Es, Tipos de Retenedores y Cu\u00e1nto Tiempo Usarlos\t\t\t<\/a>\n\t\t<\/h3>\n\t\t\t\t<div class=\"elementor-post__excerpt\">\n\t\t\t\t\t<\/div>\n\t\t\n\t\t<a class=\"elementor-post__read-more\" href=\"https:\/\/clinicamarianasacotonavia.com\/en\/retencion-dental\/\" aria-label=\"Read more about Retenci\u00f3n Dental: Qu\u00e9 Es, Tipos de Retenedores y Cu\u00e1nto Tiempo Usarlos\" tabindex=\"-1\" target=\"_blank\">\n\t\t\tRead more &quot;\t\t<\/a>\n\n\t\t\t\t<\/div>\n\t\t\t\t<div class=\"elementor-post__meta-data\">\n\t\t\t\t\t<span class=\"elementor-post-date\">\n\t\t\tApril 28, 2026\t\t<\/span>\n\t\t\t\t<\/div>\n\t\t\t\t\t<\/div>\n\t\t<\/article>\n\t\t\t\t<article class=\"elementor-post elementor-grid-item post-16431 post type-post status-publish format-standard has-post-thumbnail hentry category-articulos-generales\" role=\"listitem\">\n\t\t\t<div class=\"elementor-post__card\">\n\t\t\t\t<a class=\"elementor-post__thumbnail__link\" href=\"https:\/\/clinicamarianasacotonavia.com\/en\/clase-2-dental\/\" tabindex=\"-1\" target=\"_blank\"><div class=\"elementor-post__thumbnail\"><img loading=\"lazy\" decoding=\"async\" width=\"612\" height=\"469\" src=\"https:\/\/clinicamarianasacotonavia.com\/wp-content\/uploads\/2026\/04\/clase-2-dental.jpg\" class=\"attachment-large size-large wp-image-16432\" alt=\"Modelo dental mostrando maloclusi\u00f3n clase 2 con arcada superior adelantada\" srcset=\"https:\/\/clinicamarianasacotonavia.com\/wp-content\/uploads\/2026\/04\/clase-2-dental.jpg 612w, https:\/\/clinicamarianasacotonavia.com\/wp-content\/uploads\/2026\/04\/clase-2-dental-300x230.jpg 300w, https:\/\/clinicamarianasacotonavia.com\/wp-content\/uploads\/2026\/04\/clase-2-dental-16x12.jpg 16w\" sizes=\"(max-width: 612px) 100vw, 612px\" \/><\/div><\/a>\n\t\t\t\t<div class=\"elementor-post__badge\">Art\u00edculos generales<\/div>\n\t\t\t\t<div class=\"elementor-post__text\">\n\t\t\t\t<h3 class=\"elementor-post__title\">\n\t\t\t<a href=\"https:\/\/clinicamarianasacotonavia.com\/en\/clase-2-dental\/\" target=\"&quot;_blank&quot;\">\n\t\t\t\tClase 2 Dental: Qu\u00e9 Es, Tipos y C\u00f3mo Corregirla\t\t\t<\/a>\n\t\t<\/h3>\n\t\t\t\t<div class=\"elementor-post__excerpt\">\n\t\t\t\t\t<\/div>\n\t\t\n\t\t<a class=\"elementor-post__read-more\" href=\"https:\/\/clinicamarianasacotonavia.com\/en\/clase-2-dental\/\" aria-label=\"Read more about Clase 2 Dental: Qu\u00e9 Es, Tipos y C\u00f3mo Corregirla\" tabindex=\"-1\" target=\"_blank\">\n\t\t\tRead more &quot;\t\t<\/a>\n\n\t\t\t\t<\/div>\n\t\t\t\t<div class=\"elementor-post__meta-data\">\n\t\t\t\t\t<span class=\"elementor-post-date\">\n\t\t\tApril 22, 2026\t\t<\/span>\n\t\t\t\t<\/div>\n\t\t\t\t\t<\/div>\n\t\t<\/article>\n\t\t\t\t<article class=\"elementor-post elementor-grid-item post-16370 post type-post status-publish format-standard has-post-thumbnail hentry category-articulos-generales\" role=\"listitem\">\n\t\t\t<div class=\"elementor-post__card\">\n\t\t\t\t<a class=\"elementor-post__thumbnail__link\" href=\"https:\/\/clinicamarianasacotonavia.com\/en\/encias-retraidas\/\" tabindex=\"-1\" target=\"_blank\"><div class=\"elementor-post__thumbnail\"><img loading=\"lazy\" decoding=\"async\" width=\"612\" height=\"408\" src=\"https:\/\/clinicamarianasacotonavia.com\/wp-content\/uploads\/2026\/04\/encias-retraidas.jpg\" class=\"attachment-large size-large wp-image-16371\" alt=\"Persona mostrando enc\u00edas retra\u00eddas con recesi\u00f3n gingival visible\" srcset=\"https:\/\/clinicamarianasacotonavia.com\/wp-content\/uploads\/2026\/04\/encias-retraidas.jpg 612w, https:\/\/clinicamarianasacotonavia.com\/wp-content\/uploads\/2026\/04\/encias-retraidas-300x200.jpg 300w, https:\/\/clinicamarianasacotonavia.com\/wp-content\/uploads\/2026\/04\/encias-retraidas-18x12.jpg 18w\" sizes=\"(max-width: 612px) 100vw, 612px\" \/><\/div><\/a>\n\t\t\t\t<div class=\"elementor-post__badge\">Art\u00edculos generales<\/div>\n\t\t\t\t<div class=\"elementor-post__text\">\n\t\t\t\t<h3 class=\"elementor-post__title\">\n\t\t\t<a href=\"https:\/\/clinicamarianasacotonavia.com\/en\/encias-retraidas\/\" target=\"&quot;_blank&quot;\">\n\t\t\t\tEnc\u00edas Retra\u00eddas: Causas, S\u00edntomas y Tratamientos\t\t\t<\/a>\n\t\t<\/h3>\n\t\t\t\t<div class=\"elementor-post__excerpt\">\n\t\t\t\t\t<\/div>\n\t\t\n\t\t<a class=\"elementor-post__read-more\" href=\"https:\/\/clinicamarianasacotonavia.com\/en\/encias-retraidas\/\" aria-label=\"Read more about Enc\u00edas Retra\u00eddas: Causas, S\u00edntomas y Tratamientos\" tabindex=\"-1\" target=\"_blank\">\n\t\t\tRead more &quot;\t\t<\/a>\n\n\t\t\t\t<\/div>\n\t\t\t\t<div class=\"elementor-post__meta-data\">\n\t\t\t\t\t<span class=\"elementor-post-date\">\n\t\t\tApril 15, 2026\t\t<\/span>\n\t\t\t\t<\/div>\n\t\t\t\t\t<\/div>\n\t\t<\/article>\n\t\t\t\t<\/div>\n\t\t\n\t\t\t\t\t\t<\/div>\n\t\t\t\t<\/div>\n\t\t\t\t\t<\/div>\n\t\t<\/div>\n\t\t\t\t\t<\/div>\n\t\t<\/section>\n\t\t\t\t<section class=\"elementor-section elementor-top-section elementor-element elementor-element-5cddd995 elementor-section-boxed elementor-section-height-default elementor-section-height-default\" data-id=\"5cddd995\" data-element_type=\"section\" data-e-type=\"section\">\n\t\t\t\t\t\t<div class=\"elementor-container elementor-column-gap-default\">\n\t\t\t\t\t<div class=\"elementor-column elementor-col-100 elementor-top-column elementor-element elementor-element-58618e\" data-id=\"58618e\" data-element_type=\"column\" data-e-type=\"column\">\n\t\t\t<div class=\"elementor-widget-wrap elementor-element-populated\">\n\t\t\t\t\t\t<div class=\"elementor-element elementor-element-3e3be2c1 elementor-widget elementor-widget-html\" data-id=\"3e3be2c1\" data-element_type=\"widget\" data-e-type=\"widget\" data-widget_type=\"html.default\">\n\t\t\t\t<div class=\"elementor-widget-container\">\n\t\t\t\t\t<script type=\"application\/ld+json\">{\n    \"@context\": \"https:\\\/\\\/schema.org\",\n    \"@type\": \"Article\",\n    \"headline\": \"Enc\\u00edas Retra\\u00eddas: Causas, S\\u00edntomas y Tratamientos\",\n    \"description\": \"Las enc\\u00edas retra\\u00eddas o recesi\\u00f3n gingival dejan expuesta la ra\\u00edz del diente. Descubre sus causas, s\\u00edntomas, grados y todos los tratamientos: curetaje, injerto y prevenci\\u00f3n.\",\n    \"url\": \"https:\\\/\\\/clinicamarianasacotonavia.com\\\/encias-retraidas\\\/\",\n    \"datePublished\": \"2026-04-28\",\n    \"dateModified\": \"2026-04-28\",\n    \"author\": {\n        \"@type\": \"Person\",\n        \"name\": \"Dra. Mariana Sacoto Navia\"\n    },\n    \"publisher\": {\n        \"@type\": \"Organization\",\n        \"name\": \"Cl\\u00ednica Mariana Sacoto Navia\",\n        \"url\": \"https:\\\/\\\/clinicamarianasacotonavia.com\"\n    },\n    \"mainEntityOfPage\": {\n        \"@type\": \"WebPage\",\n        \"@id\": \"https:\\\/\\\/clinicamarianasacotonavia.com\\\/encias-retraidas\\\/\"\n    }\n}<\/script>\n\t\t\t\t<\/div>\n\t\t\t\t<\/div>\n\t\t\t\t\t<\/div>\n\t\t<\/div>\n\t\t\t\t\t<\/div>\n\t\t<\/section>\n\t\t\t\t<\/div>","protected":false},"excerpt":{"rendered":"<p>Las enc\u00edas retra\u00eddas, tambi\u00e9n llamadas recesi\u00f3n gingival, son una condici\u00f3n en la que el tejido de la enc\u00eda se desplaza hacia abajo dejando expuesta la ra\u00edz del diente. No se regeneran solas: una vez que la enc\u00eda retrocede, el tejido perdido no vuelve sin tratamiento. El diagn\u00f3stico temprano es clave para evitar consecuencias mayores. Cualquier [&hellip;]<\/p>","protected":false},"author":11,"featured_media":16371,"comment_status":"closed","ping_status":"closed","sticky":false,"template":"elementor_header_footer","format":"standard","meta":{"footnotes":""},"categories":[640],"tags":[],"class_list":["post-16370","post","type-post","status-publish","format-standard","has-post-thumbnail","hentry","category-articulos-generales"],"yoast_head":"<!-- This site is optimized with the Yoast SEO Premium plugin v26.0 (Yoast SEO v26.6) - https:\/\/yoast.com\/wordpress\/plugins\/seo\/ -->\n<title>Enc\u00edas Retra\u00eddas: Causas, S\u00edntomas y C\u00f3mo Tratarlas<\/title>\n<meta name=\"description\" content=\"Las enc\u00edas retra\u00eddas o recesi\u00f3n gingival dejan expuesta la ra\u00edz del diente. Descubre sus causas, s\u00edntomas, grados y todos los tratamientos: curetaje, injerto y prevenci\u00f3n.\" \/>\n<meta name=\"robots\" content=\"index, follow, max-snippet:-1, max-image-preview:large, max-video-preview:-1\" \/>\n<link rel=\"canonical\" href=\"https:\/\/clinicamarianasacotonavia.com\/en\/encias-retraidas\/\" \/>\n<meta property=\"og:locale\" content=\"en_GB\" \/>\n<meta property=\"og:type\" content=\"article\" \/>\n<meta property=\"og:title\" content=\"Enc\u00edas Retra\u00eddas: Causas, S\u00edntomas y Tratamientos\" \/>\n<meta property=\"og:description\" content=\"Las enc\u00edas retra\u00eddas o recesi\u00f3n gingival dejan expuesta la ra\u00edz del diente. Descubre sus causas, s\u00edntomas, grados y todos los tratamientos: curetaje, injerto y prevenci\u00f3n.\" \/>\n<meta property=\"og:url\" content=\"https:\/\/clinicamarianasacotonavia.com\/en\/encias-retraidas\/\" \/>\n<meta property=\"og:site_name\" content=\"Clinica Mariana Sacoto Navia\" \/>\n<meta property=\"article:published_time\" content=\"2026-04-15T10:10:09+00:00\" \/>\n<meta property=\"article:modified_time\" content=\"2026-04-28T11:24:44+00:00\" \/>\n<meta property=\"og:image\" content=\"https:\/\/clinicamarianasacotonavia.com\/wp-content\/uploads\/2026\/04\/encias-retraidas.jpg\" \/>\n\t<meta property=\"og:image:width\" content=\"612\" \/>\n\t<meta property=\"og:image:height\" content=\"408\" \/>\n\t<meta property=\"og:image:type\" content=\"image\/jpeg\" \/>\n<meta name=\"author\" content=\"Dra. Mariana Sacoto Navia\" \/>\n<meta name=\"twitter:card\" content=\"summary_large_image\" \/>\n<meta name=\"twitter:label1\" content=\"Written by\" \/>\n\t<meta name=\"twitter:data1\" content=\"Dra. Mariana Sacoto Navia\" \/>\n\t<meta name=\"twitter:label2\" content=\"Estimated reading time\" \/>\n\t<meta name=\"twitter:data2\" content=\"12 minutes\" \/>\n<script type=\"application\/ld+json\" class=\"yoast-schema-graph\">{\"@context\":\"https:\/\/schema.org\",\"@graph\":[{\"@type\":\"WebPage\",\"@id\":\"https:\/\/clinicamarianasacotonavia.com\/encias-retraidas\/\",\"url\":\"https:\/\/clinicamarianasacotonavia.com\/encias-retraidas\/\",\"name\":\"Enc\u00edas Retra\u00eddas: Causas, S\u00edntomas y C\u00f3mo Tratarlas\",\"isPartOf\":{\"@id\":\"https:\/\/clinicamarianasacotonavia.com\/#website\"},\"primaryImageOfPage\":{\"@id\":\"https:\/\/clinicamarianasacotonavia.com\/encias-retraidas\/#primaryimage\"},\"image\":{\"@id\":\"https:\/\/clinicamarianasacotonavia.com\/encias-retraidas\/#primaryimage\"},\"thumbnailUrl\":\"https:\/\/clinicamarianasacotonavia.com\/wp-content\/uploads\/2026\/04\/encias-retraidas.jpg\",\"datePublished\":\"2026-04-15T10:10:09+00:00\",\"dateModified\":\"2026-04-28T11:24:44+00:00\",\"author\":{\"@id\":\"https:\/\/clinicamarianasacotonavia.com\/#\/schema\/person\/94ac72e7863b6b10d223dba49f2279b5\"},\"description\":\"Las enc\u00edas retra\u00eddas o recesi\u00f3n gingival dejan expuesta la ra\u00edz del diente. Descubre sus causas, s\u00edntomas, grados y todos los tratamientos: curetaje, injerto y prevenci\u00f3n.\",\"breadcrumb\":{\"@id\":\"https:\/\/clinicamarianasacotonavia.com\/encias-retraidas\/#breadcrumb\"},\"inLanguage\":\"en-GB\",\"potentialAction\":[{\"@type\":\"ReadAction\",\"target\":[\"https:\/\/clinicamarianasacotonavia.com\/encias-retraidas\/\"]}]},{\"@type\":\"ImageObject\",\"inLanguage\":\"en-GB\",\"@id\":\"https:\/\/clinicamarianasacotonavia.com\/encias-retraidas\/#primaryimage\",\"url\":\"https:\/\/clinicamarianasacotonavia.com\/wp-content\/uploads\/2026\/04\/encias-retraidas.jpg\",\"contentUrl\":\"https:\/\/clinicamarianasacotonavia.com\/wp-content\/uploads\/2026\/04\/encias-retraidas.jpg\",\"width\":612,\"height\":408,\"caption\":\"Persona mostrando enc\u00edas retra\u00eddas con recesi\u00f3n gingival visible\"},{\"@type\":\"BreadcrumbList\",\"@id\":\"https:\/\/clinicamarianasacotonavia.com\/encias-retraidas\/#breadcrumb\",\"itemListElement\":[{\"@type\":\"ListItem\",\"position\":1,\"name\":\"Portada\",\"item\":\"https:\/\/clinicamarianasacotonavia.com\/\"},{\"@type\":\"ListItem\",\"position\":2,\"name\":\"Enc\u00edas Retra\u00eddas: Causas, S\u00edntomas y Tratamientos\"}]},{\"@type\":\"WebSite\",\"@id\":\"https:\/\/clinicamarianasacotonavia.com\/#website\",\"url\":\"https:\/\/clinicamarianasacotonavia.com\/\",\"name\":\"Clinica Mariana Sacoto Navia\",\"description\":\"Ortodoncia Invisible Invisalign en Barcelona\",\"potentialAction\":[{\"@type\":\"SearchAction\",\"target\":{\"@type\":\"EntryPoint\",\"urlTemplate\":\"https:\/\/clinicamarianasacotonavia.com\/?s={search_term_string}\"},\"query-input\":{\"@type\":\"PropertyValueSpecification\",\"valueRequired\":true,\"valueName\":\"search_term_string\"}}],\"inLanguage\":\"en-GB\"},{\"@type\":\"Person\",\"@id\":\"https:\/\/clinicamarianasacotonavia.com\/#\/schema\/person\/94ac72e7863b6b10d223dba49f2279b5\",\"name\":\"Dra. Mariana Sacoto Navia\",\"image\":{\"@type\":\"ImageObject\",\"inLanguage\":\"en-GB\",\"@id\":\"https:\/\/clinicamarianasacotonavia.com\/#\/schema\/person\/image\/\",\"url\":\"https:\/\/secure.gravatar.com\/avatar\/8351c92c0dad868370b2fa698b37c24a1b3f726736cd0c273d3315bd76cee37e?s=96&d=mm&r=g\",\"contentUrl\":\"https:\/\/secure.gravatar.com\/avatar\/8351c92c0dad868370b2fa698b37c24a1b3f726736cd0c273d3315bd76cee37e?s=96&d=mm&r=g\",\"caption\":\"Dra. Mariana Sacoto Navia\"}}]}<\/script>\n<!-- \/ Yoast SEO Premium plugin. -->","yoast_head_json":{"title":"Enc\u00edas Retra\u00eddas: Causas, S\u00edntomas y C\u00f3mo Tratarlas","description":"Las enc\u00edas retra\u00eddas o recesi\u00f3n gingival dejan expuesta la ra\u00edz del diente. Descubre sus causas, s\u00edntomas, grados y todos los tratamientos: curetaje, injerto y prevenci\u00f3n.","robots":{"index":"index","follow":"follow","max-snippet":"max-snippet:-1","max-image-preview":"max-image-preview:large","max-video-preview":"max-video-preview:-1"},"canonical":"https:\/\/clinicamarianasacotonavia.com\/en\/encias-retraidas\/","og_locale":"en_GB","og_type":"article","og_title":"Enc\u00edas Retra\u00eddas: Causas, S\u00edntomas y Tratamientos","og_description":"Las enc\u00edas retra\u00eddas o recesi\u00f3n gingival dejan expuesta la ra\u00edz del diente. Descubre sus causas, s\u00edntomas, grados y todos los tratamientos: curetaje, injerto y prevenci\u00f3n.","og_url":"https:\/\/clinicamarianasacotonavia.com\/en\/encias-retraidas\/","og_site_name":"Clinica Mariana Sacoto Navia","article_published_time":"2026-04-15T10:10:09+00:00","article_modified_time":"2026-04-28T11:24:44+00:00","og_image":[{"width":612,"height":408,"url":"https:\/\/clinicamarianasacotonavia.com\/wp-content\/uploads\/2026\/04\/encias-retraidas.jpg","type":"image\/jpeg"}],"author":"Dra. Mariana Sacoto Navia","twitter_card":"summary_large_image","twitter_misc":{"Written by":"Dra. Mariana Sacoto Navia","Estimated reading time":"12 minutes"},"schema":{"@context":"https:\/\/schema.org","@graph":[{"@type":"WebPage","@id":"https:\/\/clinicamarianasacotonavia.com\/encias-retraidas\/","url":"https:\/\/clinicamarianasacotonavia.com\/encias-retraidas\/","name":"Enc\u00edas Retra\u00eddas: Causas, S\u00edntomas y C\u00f3mo Tratarlas","isPartOf":{"@id":"https:\/\/clinicamarianasacotonavia.com\/#website"},"primaryImageOfPage":{"@id":"https:\/\/clinicamarianasacotonavia.com\/encias-retraidas\/#primaryimage"},"image":{"@id":"https:\/\/clinicamarianasacotonavia.com\/encias-retraidas\/#primaryimage"},"thumbnailUrl":"https:\/\/clinicamarianasacotonavia.com\/wp-content\/uploads\/2026\/04\/encias-retraidas.jpg","datePublished":"2026-04-15T10:10:09+00:00","dateModified":"2026-04-28T11:24:44+00:00","author":{"@id":"https:\/\/clinicamarianasacotonavia.com\/#\/schema\/person\/94ac72e7863b6b10d223dba49f2279b5"},"description":"Las enc\u00edas retra\u00eddas o recesi\u00f3n gingival dejan expuesta la ra\u00edz del diente. Descubre sus causas, s\u00edntomas, grados y todos los tratamientos: curetaje, injerto y prevenci\u00f3n.","breadcrumb":{"@id":"https:\/\/clinicamarianasacotonavia.com\/encias-retraidas\/#breadcrumb"},"inLanguage":"en-GB","potentialAction":[{"@type":"ReadAction","target":["https:\/\/clinicamarianasacotonavia.com\/encias-retraidas\/"]}]},{"@type":"ImageObject","inLanguage":"en-GB","@id":"https:\/\/clinicamarianasacotonavia.com\/encias-retraidas\/#primaryimage","url":"https:\/\/clinicamarianasacotonavia.com\/wp-content\/uploads\/2026\/04\/encias-retraidas.jpg","contentUrl":"https:\/\/clinicamarianasacotonavia.com\/wp-content\/uploads\/2026\/04\/encias-retraidas.jpg","width":612,"height":408,"caption":"Persona mostrando enc\u00edas retra\u00eddas con recesi\u00f3n gingival visible"},{"@type":"BreadcrumbList","@id":"https:\/\/clinicamarianasacotonavia.com\/encias-retraidas\/#breadcrumb","itemListElement":[{"@type":"ListItem","position":1,"name":"Portada","item":"https:\/\/clinicamarianasacotonavia.com\/"},{"@type":"ListItem","position":2,"name":"Enc\u00edas Retra\u00eddas: Causas, S\u00edntomas y Tratamientos"}]},{"@type":"WebSite","@id":"https:\/\/clinicamarianasacotonavia.com\/#website","url":"https:\/\/clinicamarianasacotonavia.com\/","name":"Clinica Mariana Sacoto Navia","description":"Ortodoncia Invisible Invisalign en Barcelona","potentialAction":[{"@type":"SearchAction","target":{"@type":"EntryPoint","urlTemplate":"https:\/\/clinicamarianasacotonavia.com\/?s={search_term_string}"},"query-input":{"@type":"PropertyValueSpecification","valueRequired":true,"valueName":"search_term_string"}}],"inLanguage":"en-GB"},{"@type":"Person","@id":"https:\/\/clinicamarianasacotonavia.com\/#\/schema\/person\/94ac72e7863b6b10d223dba49f2279b5","name":"Dra. Mariana Sacoto Navia","image":{"@type":"ImageObject","inLanguage":"en-GB","@id":"https:\/\/clinicamarianasacotonavia.com\/#\/schema\/person\/image\/","url":"https:\/\/secure.gravatar.com\/avatar\/8351c92c0dad868370b2fa698b37c24a1b3f726736cd0c273d3315bd76cee37e?s=96&d=mm&r=g","contentUrl":"https:\/\/secure.gravatar.com\/avatar\/8351c92c0dad868370b2fa698b37c24a1b3f726736cd0c273d3315bd76cee37e?s=96&d=mm&r=g","caption":"Dra. Mariana Sacoto Navia"}}]}},"_links":{"self":[{"href":"https:\/\/clinicamarianasacotonavia.com\/en\/wp-json\/wp\/v2\/posts\/16370","targetHints":{"allow":["GET"]}}],"collection":[{"href":"https:\/\/clinicamarianasacotonavia.com\/en\/wp-json\/wp\/v2\/posts"}],"about":[{"href":"https:\/\/clinicamarianasacotonavia.com\/en\/wp-json\/wp\/v2\/types\/post"}],"author":[{"embeddable":true,"href":"https:\/\/clinicamarianasacotonavia.com\/en\/wp-json\/wp\/v2\/users\/11"}],"replies":[{"embeddable":true,"href":"https:\/\/clinicamarianasacotonavia.com\/en\/wp-json\/wp\/v2\/comments?post=16370"}],"version-history":[{"count":16,"href":"https:\/\/clinicamarianasacotonavia.com\/en\/wp-json\/wp\/v2\/posts\/16370\/revisions"}],"predecessor-version":[{"id":16429,"href":"https:\/\/clinicamarianasacotonavia.com\/en\/wp-json\/wp\/v2\/posts\/16370\/revisions\/16429"}],"wp:featuredmedia":[{"embeddable":true,"href":"https:\/\/clinicamarianasacotonavia.com\/en\/wp-json\/wp\/v2\/media\/16371"}],"wp:attachment":[{"href":"https:\/\/clinicamarianasacotonavia.com\/en\/wp-json\/wp\/v2\/media?parent=16370"}],"wp:term":[{"taxonomy":"category","embeddable":true,"href":"https:\/\/clinicamarianasacotonavia.com\/en\/wp-json\/wp\/v2\/categories?post=16370"},{"taxonomy":"post_tag","embeddable":true,"href":"https:\/\/clinicamarianasacotonavia.com\/en\/wp-json\/wp\/v2\/tags?post=16370"}],"curies":[{"name":"wp","href":"https:\/\/api.w.org\/{rel}","templated":true}]}}