{"id":16431,"date":"2026-04-22T12:26:27","date_gmt":"2026-04-22T11:26:27","guid":{"rendered":"https:\/\/clinicamarianasacotonavia.com\/?p=16431"},"modified":"2026-04-28T14:52:22","modified_gmt":"2026-04-28T13:52:22","slug":"clase-2-dental","status":"publish","type":"post","link":"https:\/\/clinicamarianasacotonavia.com\/en\/clase-2-dental\/","title":{"rendered":"Clase 2 Dental: Qu\u00e9 Es, Tipos y C\u00f3mo Corregirla"},"content":{"rendered":"<div data-elementor-type=\"wp-post\" data-elementor-id=\"16431\" class=\"elementor elementor-16431\" data-elementor-post-type=\"post\">\n\t\t\t\t\t\t<section class=\"elementor-section elementor-top-section elementor-element elementor-element-658a1070 elementor-section-full_width elementor-section-height-default elementor-section-height-default\" data-id=\"658a1070\" data-element_type=\"section\" data-e-type=\"section\">\n\t\t\t\t\t\t<div class=\"elementor-container elementor-column-gap-no\">\n\t\t\t\t\t<div class=\"elementor-column elementor-col-50 elementor-top-column elementor-element elementor-element-430fb34d\" data-id=\"430fb34d\" data-element_type=\"column\" data-e-type=\"column\">\n\t\t\t<div class=\"elementor-widget-wrap elementor-element-populated\">\n\t\t\t\t\t\t<div class=\"elementor-element elementor-element-30fed83d elementor-widget elementor-widget-theme-post-featured-image elementor-widget-image\" data-id=\"30fed83d\" data-element_type=\"widget\" data-e-type=\"widget\" data-settings=\"{&quot;motion_fx_motion_fx_scrolling&quot;:&quot;yes&quot;,&quot;motion_fx_translateY_effect&quot;:&quot;yes&quot;,&quot;motion_fx_translateY_speed&quot;:{&quot;unit&quot;:&quot;px&quot;,&quot;size&quot;:&quot;2&quot;,&quot;sizes&quot;:[]},&quot;motion_fx_devices&quot;:[&quot;desktop&quot;],&quot;motion_fx_translateY_affectedRange&quot;:{&quot;unit&quot;:&quot;%&quot;,&quot;size&quot;:&quot;&quot;,&quot;sizes&quot;:{&quot;start&quot;:0,&quot;end&quot;:100}}}\" data-widget_type=\"theme-post-featured-image.default\">\n\t\t\t\t<div class=\"elementor-widget-container\">\n\t\t\t\t\t\t\t\t\t\t\t\t\t\t\t<img fetchpriority=\"high\" decoding=\"async\" width=\"612\" height=\"469\" src=\"https:\/\/clinicamarianasacotonavia.com\/wp-content\/uploads\/2026\/04\/clase-2-dental.jpg\" class=\"attachment-full size-full wp-image-16432\" alt=\"Modelo dental mostrando maloclusi\u00f3n clase 2 con arcada superior adelantada\" srcset=\"https:\/\/clinicamarianasacotonavia.com\/wp-content\/uploads\/2026\/04\/clase-2-dental.jpg 612w, https:\/\/clinicamarianasacotonavia.com\/wp-content\/uploads\/2026\/04\/clase-2-dental-300x230.jpg 300w, https:\/\/clinicamarianasacotonavia.com\/wp-content\/uploads\/2026\/04\/clase-2-dental-16x12.jpg 16w\" sizes=\"(max-width: 612px) 100vw, 612px\" \/>\t\t\t\t\t\t\t\t\t\t\t\t\t\t\t<\/div>\n\t\t\t\t<\/div>\n\t\t\t\t\t<\/div>\n\t\t<\/div>\n\t\t\t\t<div class=\"elementor-column elementor-col-50 elementor-top-column elementor-element elementor-element-5408b9ed\" data-id=\"5408b9ed\" data-element_type=\"column\" data-e-type=\"column\">\n\t\t\t<div class=\"elementor-widget-wrap elementor-element-populated\">\n\t\t\t\t\t\t<div class=\"elementor-element elementor-element-6d25038c elementor-widget elementor-widget-theme-post-title elementor-page-title elementor-widget-heading\" data-id=\"6d25038c\" data-element_type=\"widget\" data-e-type=\"widget\" data-widget_type=\"theme-post-title.default\">\n\t\t\t\t<div class=\"elementor-widget-container\">\n\t\t\t\t\t<h1 class=\"elementor-heading-title elementor-size-default\">Clase 2 Dental: Qu\u00e9 Es, Tipos y C\u00f3mo Corregirla<\/h1>\t\t\t\t<\/div>\n\t\t\t\t<\/div>\n\t\t\t\t<div class=\"elementor-element elementor-element-5ae8eeab elementor-widget elementor-widget-text-editor\" data-id=\"5ae8eeab\" data-element_type=\"widget\" data-e-type=\"widget\" data-widget_type=\"text-editor.default\">\n\t\t\t\t<div class=\"elementor-widget-container\">\n\t\t\t\t\t\t\t\t\t<p><p>La clase 2 dental es una de las maloclusiones m\u00e1s frecuentes: afecta a entre el 20 y el 30% de la poblaci\u00f3n. Consiste en que la arcada superior est\u00e1 adelantada respecto a la inferior, ya sea por la posici\u00f3n de los dientes, del hueso o de ambos. Tiene tratamiento en todos los casos, y en muchos puede resolverse con <strong><a href=\"\/en\/\">ortodoncia invisible en Barcelona<\/a><\/strong> sin necesidad de cirug\u00eda.<\/p><\/p>\t\t\t\t\t\t\t\t<\/div>\n\t\t\t\t<\/div>\n\t\t\t\t<div class=\"elementor-element elementor-element-2c007b60 elementor-widget elementor-widget-text-editor\" data-id=\"2c007b60\" data-element_type=\"widget\" data-e-type=\"widget\" data-widget_type=\"text-editor.default\">\n\t\t\t\t<div class=\"elementor-widget-container\">\n\t\t\t\t\t\t\t\t\t<p>La clave para entender la clase II es distinguir si el origen es dental o esquel\u00e9tico: de eso depende si el tratamiento puede limitarse a mover los dientes o si es necesario actuar sobre los huesos. Esta distinci\u00f3n es exactamente lo que la inteligencia artificial (AI Overviews) de Google prioriza en sus respuestas directas sobre esta maloclusi\u00f3n. En esta gu\u00eda encontrar\u00e1s esa respuesta, junto con todo lo que necesitas saber para entender tu caso y elegir el tratamiento m\u00e1s adecuado.<\/p><div style=\"background-color:#f5f0e8;border-left:4px solid #A08245;padding:20px;border-radius:8px;margin:20px 0;\"><h3 style=\"margin-top:0;color:#A08245;\">Lo que aprender\u00e1s en esta gu\u00eda<\/h3><ul><li><strong>Qu\u00e9 es la clase 2 dental y c\u00f3mo se clasifica<\/strong>: diferencia entre clase II esquel\u00e9tica, dental, divisi\u00f3n 1\u00aa y 2\u00aa.<\/li><li><strong>C\u00f3mo saber si tienes clase II<\/strong>: s\u00edntomas visuales y funcionales que puedes identificar t\u00fa mismo.<\/li><li><strong>Qu\u00e9 tratamiento corresponde a cada caso<\/strong>: ortopedia en ni\u00f1os, ortodoncia en adultos, Invisalign y cirug\u00eda.<\/li><li><strong>Qu\u00e9 puede corregir Invisalign en la clase II<\/strong>: criterios concretos para saber si es una opci\u00f3n para ti.<\/li><\/ul><\/div>\t\t\t\t\t\t\t\t<\/div>\n\t\t\t\t<\/div>\n\t\t\t\t<div class=\"elementor-element elementor-element-24f8daa3 elementor-widget-divider--view-line elementor-widget elementor-widget-divider\" data-id=\"24f8daa3\" data-element_type=\"widget\" data-e-type=\"widget\" data-widget_type=\"divider.default\">\n\t\t\t\t<div class=\"elementor-widget-container\">\n\t\t\t\t\t\t\t<div class=\"elementor-divider\">\n\t\t\t<span class=\"elementor-divider-separator\">\n\t\t\t\t\t\t<\/span>\n\t\t<\/div>\n\t\t\t\t\t\t<\/div>\n\t\t\t\t<\/div>\n\t\t\t\t<div class=\"elementor-element elementor-element-7e5c78e1 elementor-align-left elementor-widget elementor-widget-post-info\" data-id=\"7e5c78e1\" data-element_type=\"widget\" data-e-type=\"widget\" data-widget_type=\"post-info.default\">\n\t\t\t\t<div class=\"elementor-widget-container\">\n\t\t\t\t\t\t\t<ul class=\"elementor-inline-items elementor-icon-list-items elementor-post-info\">\n\t\t\t\t\t\t\t\t<li class=\"elementor-icon-list-item elementor-repeater-item-6a96b00 elementor-inline-item\" itemprop=\"author\">\n\t\t\t\t\t\t<a href=\"https:\/\/clinicamarianasacotonavia.com\/en\/author\/sacotonavia\/\">\n\t\t\t\t\t\t\t\t\t\t\t<span class=\"elementor-icon-list-icon\">\n\t\t\t\t\t\t\t\t<i aria-hidden=\"true\" class=\"far fa-user-circle\"><\/i>\t\t\t\t\t\t\t<\/span>\n\t\t\t\t\t\t\t\t\t<span class=\"elementor-icon-list-text elementor-post-info__item elementor-post-info__item--type-author\">\n\t\t\t\t\t\t\t\t\t\tDr. Mariana Sacoto Navia\t\t\t\t\t<\/span>\n\t\t\t\t\t\t\t\t\t<\/a>\n\t\t\t\t<\/li>\n\t\t\t\t<li class=\"elementor-icon-list-item elementor-repeater-item-ac34aef elementor-inline-item\" itemprop=\"datePublished\">\n\t\t\t\t\t\t<a href=\"https:\/\/clinicamarianasacotonavia.com\/en\/2026\/04\/22\/\">\n\t\t\t\t\t\t\t\t\t\t\t<span class=\"elementor-icon-list-icon\">\n\t\t\t\t\t\t\t\t<i aria-hidden=\"true\" class=\"far fa-calendar-alt\"><\/i>\t\t\t\t\t\t\t<\/span>\n\t\t\t\t\t\t\t\t\t<span class=\"elementor-icon-list-text elementor-post-info__item elementor-post-info__item--type-date\">\n\t\t\t\t\t\t\t\t\t\t<time>April 22, 2026<\/time>\t\t\t\t\t<\/span>\n\t\t\t\t\t\t\t\t\t<\/a>\n\t\t\t\t<\/li>\n\t\t\t\t<\/ul>\n\t\t\t\t\t\t<\/div>\n\t\t\t\t<\/div>\n\t\t\t\t\t<\/div>\n\t\t<\/div>\n\t\t\t\t\t<\/div>\n\t\t<\/section>\n\t\t\t\t<section class=\"elementor-section elementor-top-section elementor-element elementor-element-175f2877 elementor-section-boxed elementor-section-height-default elementor-section-height-default\" data-id=\"175f2877\" data-element_type=\"section\" data-e-type=\"section\">\n\t\t\t\t\t\t<div class=\"elementor-container elementor-column-gap-default\">\n\t\t\t\t\t<div class=\"elementor-column elementor-col-100 elementor-top-column elementor-element elementor-element-676d88c5\" data-id=\"676d88c5\" data-element_type=\"column\" data-e-type=\"column\">\n\t\t\t<div class=\"elementor-widget-wrap elementor-element-populated\">\n\t\t\t\t\t\t<div class=\"elementor-element elementor-element-2f66b32d elementor-widget elementor-widget-breadcrumbs\" data-id=\"2f66b32d\" data-element_type=\"widget\" data-e-type=\"widget\" data-widget_type=\"breadcrumbs.default\">\n\t\t\t\t<div class=\"elementor-widget-container\">\n\t\t\t\t\t<p id=\"breadcrumbs\"><span><span><a href=\"https:\/\/clinicamarianasacotonavia.com\/en\/\">Portada<\/a><\/span><\/span><\/p>\t\t\t\t<\/div>\n\t\t\t\t<\/div>\n\t\t\t\t<div class=\"elementor-element elementor-element-6f41cfc7 elementor-widget elementor-widget-table-of-contents\" data-id=\"6f41cfc7\" data-element_type=\"widget\" data-e-type=\"widget\" data-settings=\"{&quot;headings_by_tags&quot;:[&quot;h2&quot;],&quot;exclude_headings_by_selector&quot;:[],&quot;no_headings_message&quot;:&quot;No se ha encontrado ning\\u00fan encabezado en esta p\\u00e1gina.&quot;,&quot;marker_view&quot;:&quot;numbers&quot;,&quot;hierarchical_view&quot;:&quot;yes&quot;,&quot;min_height&quot;:{&quot;unit&quot;:&quot;px&quot;,&quot;size&quot;:&quot;&quot;,&quot;sizes&quot;:[]},&quot;min_height_tablet&quot;:{&quot;unit&quot;:&quot;px&quot;,&quot;size&quot;:&quot;&quot;,&quot;sizes&quot;:[]},&quot;min_height_mobile&quot;:{&quot;unit&quot;:&quot;px&quot;,&quot;size&quot;:&quot;&quot;,&quot;sizes&quot;:[]}}\" data-widget_type=\"table-of-contents.default\">\n\t\t\t\t<div class=\"elementor-widget-container\">\n\t\t\t\t\t\t\t\t\t<div class=\"elementor-toc__header\">\n\t\t\t\t\t\t<h4 class=\"elementor-toc__header-title\">\n\t\t\t\tContenido\t\t\t<\/h4>\n\t\t\t\t\t\t\t\t<\/div>\n\t\t\t\t<div id=\"elementor-toc__6f41cfc7\" class=\"elementor-toc__body\">\n\t\t\t<div class=\"elementor-toc__spinner-container\">\n\t\t\t\t<i class=\"elementor-toc__spinner eicon-animation-spin eicon-loading\" aria-hidden=\"true\"><\/i>\t\t\t<\/div>\n\t\t<\/div>\n\t\t\t\t\t\t<\/div>\n\t\t\t\t<\/div>\n\t\t\t\t\t<\/div>\n\t\t<\/div>\n\t\t\t\t\t<\/div>\n\t\t<\/section>\n\t\t\t\t<section class=\"elementor-section elementor-top-section elementor-element elementor-element-71007b8f elementor-section-boxed elementor-section-height-default elementor-section-height-default\" data-id=\"71007b8f\" data-element_type=\"section\" data-e-type=\"section\">\n\t\t\t\t\t\t<div class=\"elementor-container elementor-column-gap-default\">\n\t\t\t\t\t<div class=\"elementor-column elementor-col-100 elementor-top-column elementor-element elementor-element-daf904a\" data-id=\"daf904a\" data-element_type=\"column\" data-e-type=\"column\">\n\t\t\t<div class=\"elementor-widget-wrap elementor-element-populated\">\n\t\t\t\t\t\t<div class=\"elementor-element elementor-element-47b5d104 elementor-widget elementor-widget-heading\" data-id=\"47b5d104\" data-element_type=\"widget\" data-e-type=\"widget\" data-widget_type=\"heading.default\">\n\t\t\t\t<div class=\"elementor-widget-container\">\n\t\t\t\t\t<h2 class=\"elementor-heading-title elementor-size-default\">\u00bfQu\u00e9 es la clase 2 dental o maloclusi\u00f3n clase II?<\/h2>\t\t\t\t<\/div>\n\t\t\t\t<\/div>\n\t\t\t\t<div class=\"elementor-element elementor-element-706ed004 elementor-widget elementor-widget-text-editor\" data-id=\"706ed004\" data-element_type=\"widget\" data-e-type=\"widget\" data-widget_type=\"text-editor.default\">\n\t\t\t\t<div class=\"elementor-widget-container\">\n\t\t\t\t\t\t\t\t\t<p><p>La clase 2 dental, tambi\u00e9n denominada maloclusi\u00f3n clase II de Angle, es una alteraci\u00f3n de la mordida en la que los dientes de la arcada superior muerden m\u00e1s adelantados de lo normal respecto a los de la arcada inferior. En una oclusi\u00f3n correcta, el primer molar superior debe encajar entre el primer y segundo molar inferior. En la clase II, este encaje est\u00e1 desplazado hacia adelante.<\/p><p>El resultado visible var\u00eda seg\u00fan la causa: puede ser un resalte pronunciado con dientes delanteros superiores que sobresalen, un perfil facial convexo con ment\u00f3n retra\u00eddo, o dientes superiores que cubren en exceso a los inferiores. En cualquier caso la mordida no funciona correctamente y puede generar consecuencias a largo plazo.<\/p><p>Es una de las maloclusiones m\u00e1s frecuentes: entre el 20 y el 30% de la poblaci\u00f3n la presenta en alg\u00fan grado, con una base hereditaria importante en los casos esquel\u00e9ticos.<\/p><\/p>\t\t\t\t\t\t\t\t<\/div>\n\t\t\t\t<\/div>\n\t\t\t\t\t<\/div>\n\t\t<\/div>\n\t\t\t\t\t<\/div>\n\t\t<\/section>\n\t\t\t\t<section class=\"elementor-section elementor-top-section elementor-element elementor-element-33b35272 elementor-section-boxed elementor-section-height-default elementor-section-height-default\" data-id=\"33b35272\" data-element_type=\"section\" data-e-type=\"section\">\n\t\t\t\t\t\t<div class=\"elementor-container elementor-column-gap-default\">\n\t\t\t\t\t<div class=\"elementor-column elementor-col-100 elementor-top-column elementor-element elementor-element-213b673f\" data-id=\"213b673f\" data-element_type=\"column\" data-e-type=\"column\">\n\t\t\t<div class=\"elementor-widget-wrap elementor-element-populated\">\n\t\t\t\t\t\t<div class=\"elementor-element elementor-element-86c9ec3 elementor-widget elementor-widget-heading\" data-id=\"86c9ec3\" data-element_type=\"widget\" data-e-type=\"widget\" data-widget_type=\"heading.default\">\n\t\t\t\t<div class=\"elementor-widget-container\">\n\t\t\t\t\t<h2 class=\"elementor-heading-title elementor-size-default\">Clase II esquel\u00e9tica vs clase II dental: diferencias clave<\/h2>\t\t\t\t<\/div>\n\t\t\t\t<\/div>\n\t\t\t\t<div class=\"elementor-element elementor-element-1971181 elementor-widget elementor-widget-text-editor\" data-id=\"1971181\" data-element_type=\"widget\" data-e-type=\"widget\" data-widget_type=\"text-editor.default\">\n\t\t\t\t<div class=\"elementor-widget-container\">\n\t\t\t\t\t\t\t\t\t<p><p><strong>Clase II dental.<\/strong> La relaci\u00f3n entre los huesos es correcta, pero los dientes est\u00e1n mal posicionados: los superiores inclinados hacia adelante o los inferiores hacia atr\u00e1s. La ortodoncia con brackets o alineadores puede corregirla sin actuar sobre los huesos.<\/p><p><strong>Clase II esquel\u00e9tica.<\/strong> El problema est\u00e1 en los huesos: la mand\u00edbula es m\u00e1s peque\u00f1a, est\u00e1 retra\u00edda, o el maxilar superior proyecta en exceso. En adultos con clase II esquel\u00e9tica significativa, la ortodoncia sola no puede corregir la discrepancia. En ni\u00f1os, los aparatos funcionales pueden estimular el crecimiento mandibular. En adultos, los casos moderados-severos requieren cirug\u00eda ortogn\u00e1tica.<\/p><p><strong>Clase II mixta.<\/strong> Combina componentes dentales y esquel\u00e9ticos. Es el tipo m\u00e1s frecuente. El tratamiento debe abordar ambos componentes.<\/p><p>El diagn\u00f3stico diferencial requiere un estudio cefalom\u00e9trico realizado por el ortodoncista en la primera consulta.<\/p><\/p>\t\t\t\t\t\t\t\t<\/div>\n\t\t\t\t<\/div>\n\t\t\t\t\t<\/div>\n\t\t<\/div>\n\t\t\t\t\t<\/div>\n\t\t<\/section>\n\t\t\t\t<section class=\"elementor-section elementor-top-section elementor-element elementor-element-408b0fe elementor-section-boxed elementor-section-height-default elementor-section-height-default\" data-id=\"408b0fe\" data-element_type=\"section\" data-e-type=\"section\">\n\t\t\t\t\t\t<div class=\"elementor-container elementor-column-gap-default\">\n\t\t\t\t\t<div class=\"elementor-column elementor-col-100 elementor-top-column elementor-element elementor-element-10a40ef8\" data-id=\"10a40ef8\" data-element_type=\"column\" data-e-type=\"column\">\n\t\t\t<div class=\"elementor-widget-wrap elementor-element-populated\">\n\t\t\t\t\t\t<div class=\"elementor-element elementor-element-5a7d2d49 elementor-widget elementor-widget-heading\" data-id=\"5a7d2d49\" data-element_type=\"widget\" data-e-type=\"widget\" data-widget_type=\"heading.default\">\n\t\t\t\t<div class=\"elementor-widget-container\">\n\t\t\t\t\t<h2 class=\"elementor-heading-title elementor-size-default\">Clase II divisi\u00f3n 1\u00aa vs divisi\u00f3n 2\u00aa<\/h2>\t\t\t\t<\/div>\n\t\t\t\t<\/div>\n\t\t\t\t<div class=\"elementor-element elementor-element-783c90f9 elementor-widget elementor-widget-text-editor\" data-id=\"783c90f9\" data-element_type=\"widget\" data-e-type=\"widget\" data-widget_type=\"text-editor.default\">\n\t\t\t\t<div class=\"elementor-widget-container\">\n\t\t\t\t\t\t\t\t\t<p><p><strong>Clase II divisi\u00f3n 1\u00aa.<\/strong> Los incisivos superiores est\u00e1n inclinados hacia adelante, generando un resalte aumentado de m\u00e1s de 3-4 mm. Es el tipo m\u00e1s frecuente y el que produce el perfil m\u00e1s convexo y el ment\u00f3n m\u00e1s retra\u00eddo. Se asocia a h\u00e1bitos como la succi\u00f3n del pulgar, el chupete prolongado o la interposici\u00f3n del labio inferior entre los dientes.<\/p><p><strong>Clase II divisi\u00f3n 2\u00aa.<\/strong> Los incisivos superiores est\u00e1n retroinclinados (inclinados hacia dentro), lo que reduce o elimina el resalte aunque los dientes superiores est\u00e1n adelantados. La sobremordida suele ser muy profunda. El perfil facial es menos convexo que en la divisi\u00f3n 1\u00aa y el diagn\u00f3stico puede resultar menos evidente para el paciente.<\/p><p>El tratamiento ortod\u00f3ntico difiere: la divisi\u00f3n 2\u00aa requiere primero inclinar los incisivos superiores hacia adelante antes de poder corregir el resto de la maloclusi\u00f3n.<\/p><\/p>\t\t\t\t\t\t\t\t<\/div>\n\t\t\t\t<\/div>\n\t\t\t\t\t<\/div>\n\t\t<\/div>\n\t\t\t\t\t<\/div>\n\t\t<\/section>\n\t\t\t\t<section class=\"elementor-section elementor-top-section elementor-element elementor-element-32dc48a0 elementor-section-boxed elementor-section-height-default elementor-section-height-default\" data-id=\"32dc48a0\" data-element_type=\"section\" data-e-type=\"section\">\n\t\t\t\t\t\t<div class=\"elementor-container elementor-column-gap-default\">\n\t\t\t\t\t<div class=\"elementor-column elementor-col-100 elementor-top-column elementor-element elementor-element-98d8f2a\" data-id=\"98d8f2a\" data-element_type=\"column\" data-e-type=\"column\">\n\t\t\t<div class=\"elementor-widget-wrap elementor-element-populated\">\n\t\t\t\t\t\t<div class=\"elementor-element elementor-element-545da307 elementor-widget elementor-widget-image\" data-id=\"545da307\" data-element_type=\"widget\" data-e-type=\"widget\" data-widget_type=\"image.default\">\n\t\t\t\t<div class=\"elementor-widget-container\">\n\t\t\t\t\t\t\t\t\t\t\t\t\t\t\t<img decoding=\"async\" width=\"470\" height=\"294\" src=\"https:\/\/clinicamarianasacotonavia.com\/wp-content\/uploads\/2026\/04\/dental-clase-2-pic.jpg\" class=\"attachment-large size-large wp-image-16443\" alt=\"Modelo 3D de maloclusi\u00f3n clase 2 dental con dientes superiores adelantados\" srcset=\"https:\/\/clinicamarianasacotonavia.com\/wp-content\/uploads\/2026\/04\/dental-clase-2-pic.jpg 470w, https:\/\/clinicamarianasacotonavia.com\/wp-content\/uploads\/2026\/04\/dental-clase-2-pic-300x188.jpg 300w, https:\/\/clinicamarianasacotonavia.com\/wp-content\/uploads\/2026\/04\/dental-clase-2-pic-18x12.jpg 18w\" sizes=\"(max-width: 470px) 100vw, 470px\" \/>\t\t\t\t\t\t\t\t\t\t\t\t\t\t\t<\/div>\n\t\t\t\t<\/div>\n\t\t\t\t\t<\/div>\n\t\t<\/div>\n\t\t\t\t\t<\/div>\n\t\t<\/section>\n\t\t\t\t<section class=\"elementor-section elementor-top-section elementor-element elementor-element-75374d49 elementor-section-boxed elementor-section-height-default elementor-section-height-default\" data-id=\"75374d49\" data-element_type=\"section\" data-e-type=\"section\">\n\t\t\t\t\t\t<div class=\"elementor-container elementor-column-gap-default\">\n\t\t\t\t\t<div class=\"elementor-column elementor-col-100 elementor-top-column elementor-element elementor-element-52a0a412\" data-id=\"52a0a412\" data-element_type=\"column\" data-e-type=\"column\">\n\t\t\t<div class=\"elementor-widget-wrap elementor-element-populated\">\n\t\t\t\t\t\t<div class=\"elementor-element elementor-element-59ccbb3c elementor-widget elementor-widget-heading\" data-id=\"59ccbb3c\" data-element_type=\"widget\" data-e-type=\"widget\" data-widget_type=\"heading.default\">\n\t\t\t\t<div class=\"elementor-widget-container\">\n\t\t\t\t\t<h2 class=\"elementor-heading-title elementor-size-default\">Causas de la clase 2 dental<\/h2>\t\t\t\t<\/div>\n\t\t\t\t<\/div>\n\t\t\t\t<div class=\"elementor-element elementor-element-2822b6dc elementor-widget elementor-widget-text-editor\" data-id=\"2822b6dc\" data-element_type=\"widget\" data-e-type=\"widget\" data-widget_type=\"text-editor.default\">\n\t\t\t\t<div class=\"elementor-widget-container\">\n\t\t\t\t\t\t\t\t\t<p><p><strong>Factores hereditarios.<\/strong> El tama\u00f1o y la posici\u00f3n de los huesos maxilar y mandibular tienen base gen\u00e9tica importante. El d\u00e9ficit de crecimiento mandibular, causa m\u00e1s frecuente de clase II esquel\u00e9tica, es hereditario.<\/p><p><strong>H\u00e1bitos en la infancia.<\/strong> Succi\u00f3n prolongada del pulgar o chupete m\u00e1s all\u00e1 de los 2-3 a\u00f1os, interposici\u00f3n del labio inferior y respiraci\u00f3n bucal cr\u00f3nica pueden provocar o agravar una clase II dental.<\/p><p><strong>Macrognatia del maxilar.<\/strong> En algunos casos la clase II se debe a un maxilar superior que ha crecido en exceso hacia adelante.<\/p><p><strong>Micrognatia mandibular.<\/strong> La causa esquel\u00e9tica m\u00e1s frecuente: la mand\u00edbula no alcanza el desarrollo esperado durante el crecimiento.<\/p><p><strong>P\u00e9rdida prematura de dientes de leche.<\/strong> Puede provocar desplazamiento de los permanentes y generar o agravar una clase II dental.<\/p><\/p>\t\t\t\t\t\t\t\t<\/div>\n\t\t\t\t<\/div>\n\t\t\t\t\t<\/div>\n\t\t<\/div>\n\t\t\t\t\t<\/div>\n\t\t<\/section>\n\t\t\t\t<section class=\"elementor-section elementor-top-section elementor-element elementor-element-30229e5 elementor-section-boxed elementor-section-height-default elementor-section-height-default\" data-id=\"30229e5\" data-element_type=\"section\" data-e-type=\"section\">\n\t\t\t\t\t\t<div class=\"elementor-container elementor-column-gap-default\">\n\t\t\t\t\t<div class=\"elementor-column elementor-col-100 elementor-top-column elementor-element elementor-element-12ee15ee\" data-id=\"12ee15ee\" data-element_type=\"column\" data-e-type=\"column\">\n\t\t\t<div class=\"elementor-widget-wrap elementor-element-populated\">\n\t\t\t\t\t\t<div class=\"elementor-element elementor-element-512c2f7c elementor-widget elementor-widget-heading\" data-id=\"512c2f7c\" data-element_type=\"widget\" data-e-type=\"widget\" data-widget_type=\"heading.default\">\n\t\t\t\t<div class=\"elementor-widget-container\">\n\t\t\t\t\t<h2 class=\"elementor-heading-title elementor-size-default\">S\u00edntomas y c\u00f3mo identificar si tienes clase II<\/h2>\t\t\t\t<\/div>\n\t\t\t\t<\/div>\n\t\t\t\t<div class=\"elementor-element elementor-element-25ddb99a elementor-widget elementor-widget-text-editor\" data-id=\"25ddb99a\" data-element_type=\"widget\" data-e-type=\"widget\" data-widget_type=\"text-editor.default\">\n\t\t\t\t<div class=\"elementor-widget-container\">\n\t\t\t\t\t\t\t\t\t<p><p><strong>Signos visibles:<\/strong> dientes superiores que sobresalen sobre los inferiores, dientes superiores que cubren en exceso a los inferiores al morder, perfil facial convexo con ment\u00f3n retra\u00eddo, labio inferior que queda por detr\u00e1s de los dientes superiores al cerrar la boca.<\/p><p><strong>Signos funcionales:<\/strong> dificultad para cerrar los labios sin esfuerzo, tendencia a respirar por la boca, dificultad para morder con los dientes delanteros, sensaci\u00f3n de que los dientes no encajan bien.<\/p><p><strong>Signos articulares:<\/strong> dolor o ruidos en la ATM, tensi\u00f3n en los m\u00fasculos masticatorios, cefaleas frecuentes de origen mandibular.<\/p><p>Si reconoces varios de estos signos, el siguiente paso es consultar con un ortodoncista para un diagn\u00f3stico completo con estudio cefalom\u00e9trico.<\/p><\/p>\t\t\t\t\t\t\t\t<\/div>\n\t\t\t\t<\/div>\n\t\t\t\t\t<\/div>\n\t\t<\/div>\n\t\t\t\t\t<\/div>\n\t\t<\/section>\n\t\t\t\t<section class=\"elementor-section elementor-top-section elementor-element elementor-element-79748d21 elementor-section-boxed elementor-section-height-default elementor-section-height-default\" data-id=\"79748d21\" data-element_type=\"section\" data-e-type=\"section\">\n\t\t\t\t\t\t<div class=\"elementor-container elementor-column-gap-default\">\n\t\t\t\t\t<div class=\"elementor-column elementor-col-100 elementor-top-column elementor-element elementor-element-34fb9ec4\" data-id=\"34fb9ec4\" data-element_type=\"column\" data-e-type=\"column\">\n\t\t\t<div class=\"elementor-widget-wrap elementor-element-populated\">\n\t\t\t\t\t\t<div class=\"elementor-element elementor-element-10326c8f elementor-widget elementor-widget-heading\" data-id=\"10326c8f\" data-element_type=\"widget\" data-e-type=\"widget\" data-widget_type=\"heading.default\">\n\t\t\t\t<div class=\"elementor-widget-container\">\n\t\t\t\t\t<h2 class=\"elementor-heading-title elementor-size-default\">C\u00f3mo afecta al perfil facial y la est\u00e9tica<\/h2>\t\t\t\t<\/div>\n\t\t\t\t<\/div>\n\t\t\t\t<div class=\"elementor-element elementor-element-48592190 elementor-widget elementor-widget-text-editor\" data-id=\"48592190\" data-element_type=\"widget\" data-e-type=\"widget\" data-widget_type=\"text-editor.default\">\n\t\t\t\t<div class=\"elementor-widget-container\">\n\t\t\t\t\t\t\t\t\t<p><p><strong>Perfil convexo.<\/strong> La posici\u00f3n retrasada de la mand\u00edbula genera un perfil curvo hacia atr\u00e1s: la nariz y el maxilar sobresalen mientras el ment\u00f3n queda hundido. Desde el lado, la l\u00ednea facial forma una curva pronunciada.<\/p><p><strong>Ment\u00f3n poco definido.<\/strong> La retrognatia hace que el ment\u00f3n parezca poco proyectado, afectando el equilibrio entre el tercio inferior y el resto del rostro.<\/p><p><strong>Labio inferior retra\u00eddo.<\/strong> En la divisi\u00f3n 1\u00aa, el labio inferior queda por detr\u00e1s de los incisivos superiores, dificultando el cierre labial natural.<\/p><p><strong>Impacto del tratamiento.<\/strong> La ortodoncia mejora el resalte y la posici\u00f3n labial. La cirug\u00eda ortogn\u00e1tica, cuando est\u00e1 indicada, transforma de forma m\u00e1s significativa el perfil al avanzar el hueso mandibular.<\/p><\/p>\t\t\t\t\t\t\t\t<\/div>\n\t\t\t\t<\/div>\n\t\t\t\t\t<\/div>\n\t\t<\/div>\n\t\t\t\t\t<\/div>\n\t\t<\/section>\n\t\t\t\t<section class=\"elementor-section elementor-top-section elementor-element elementor-element-7acd7a0b elementor-section-boxed elementor-section-height-default elementor-section-height-default\" data-id=\"7acd7a0b\" data-element_type=\"section\" data-e-type=\"section\">\n\t\t\t\t\t\t<div class=\"elementor-container elementor-column-gap-default\">\n\t\t\t\t\t<div class=\"elementor-column elementor-col-100 elementor-top-column elementor-element elementor-element-6edf2af\" data-id=\"6edf2af\" data-element_type=\"column\" data-e-type=\"column\">\n\t\t\t<div class=\"elementor-widget-wrap elementor-element-populated\">\n\t\t\t\t\t\t<div class=\"elementor-element elementor-element-322349b6 elementor-widget elementor-widget-heading\" data-id=\"322349b6\" data-element_type=\"widget\" data-e-type=\"widget\" data-widget_type=\"heading.default\">\n\t\t\t\t<div class=\"elementor-widget-container\">\n\t\t\t\t\t<h2 class=\"elementor-heading-title elementor-size-default\">Clase II y apnea del sue\u00f1o<\/h2>\t\t\t\t<\/div>\n\t\t\t\t<\/div>\n\t\t\t\t<div class=\"elementor-element elementor-element-a3fbb16 elementor-widget elementor-widget-text-editor\" data-id=\"a3fbb16\" data-element_type=\"widget\" data-e-type=\"widget\" data-widget_type=\"text-editor.default\">\n\t\t\t\t<div class=\"elementor-widget-container\">\n\t\t\t\t\t\t\t\t\t<p><p>La clase II esquel\u00e9tica puede contribuir a la apnea obstructiva del sue\u00f1o. La posici\u00f3n posterior de la mand\u00edbula reduce el espacio disponible en la v\u00eda a\u00e9rea superior, facilitando el colapso de los tejidos blandos durante el sue\u00f1o.<\/p><p>Los s\u00edntomas que alertan de apnea asociada incluyen ronquidos intensos, pausas en la respiraci\u00f3n nocturna, sue\u00f1o no reparador y somnolencia diurna excesiva.<\/p><p>En pacientes con clase II y apnea leve-moderada, los dispositivos de avance mandibular son una alternativa validada a la CPAP. En apnea severa con clase II esquel\u00e9tica significativa, la cirug\u00eda ortogn\u00e1tica de avance mandibular ofrece la mayor tasa de \u00e9xito a largo plazo.<\/p><p>Estos casos requieren coordinaci\u00f3n entre ortodoncista, cirujano maxilofacial y especialista en medicina del sue\u00f1o.<\/p><\/p>\t\t\t\t\t\t\t\t<\/div>\n\t\t\t\t<\/div>\n\t\t\t\t\t<\/div>\n\t\t<\/div>\n\t\t\t\t\t<\/div>\n\t\t<\/section>\n\t\t\t\t<section class=\"elementor-section elementor-top-section elementor-element elementor-element-10dbd7e9 elementor-section-boxed elementor-section-height-default elementor-section-height-default\" data-id=\"10dbd7e9\" data-element_type=\"section\" data-e-type=\"section\">\n\t\t\t\t\t\t<div class=\"elementor-container elementor-column-gap-default\">\n\t\t\t\t\t<div class=\"elementor-column elementor-col-100 elementor-top-column elementor-element elementor-element-4ee1be1\" data-id=\"4ee1be1\" data-element_type=\"column\" data-e-type=\"column\">\n\t\t\t<div class=\"elementor-widget-wrap elementor-element-populated\">\n\t\t\t\t\t\t<div class=\"elementor-element elementor-element-678df93a elementor-widget elementor-widget-heading\" data-id=\"678df93a\" data-element_type=\"widget\" data-e-type=\"widget\" data-widget_type=\"heading.default\">\n\t\t\t\t<div class=\"elementor-widget-container\">\n\t\t\t\t\t<h2 class=\"elementor-heading-title elementor-size-default\">Tratamiento en ni\u00f1os: ortopedia interceptiva<\/h2>\t\t\t\t<\/div>\n\t\t\t\t<\/div>\n\t\t\t\t<div class=\"elementor-element elementor-element-108f86ff elementor-widget elementor-widget-text-editor\" data-id=\"108f86ff\" data-element_type=\"widget\" data-e-type=\"widget\" data-widget_type=\"text-editor.default\">\n\t\t\t\t<div class=\"elementor-widget-container\">\n\t\t\t\t\t\t\t\t\t<p><p>La ventana ideal es el per\u00edodo prepuberal, entre los 7 y 12 a\u00f1os, cuando el pico de crecimiento mandibular permite mayor respuesta a los aparatos funcionales.<\/p><p><strong>Aparatos funcionales.<\/strong> Posicionan la mand\u00edbula hacia adelante de forma sostenida, estimulando su crecimiento. Los m\u00e1s utilizados son el activador, el bionator, el Twin Block y el Forsus. Se llevan varias horas al d\u00eda y la fase activa oscila entre 12 y 18 meses.<\/p><p><strong>Arco facial.<\/strong> Cuando la clase II se debe a exceso de crecimiento del maxilar, el arco facial frena su desarrollo y permite que la mand\u00edbula alcance una posici\u00f3n m\u00e1s equilibrada.<\/p><p>Tras la ortopedia interceptiva, habitualmente se realiza una segunda fase de ortodoncia para alinear los dientes definitivos.<\/p><div style=\"background-color:#f0fdf4;border-left:4px solid #16a34a;padding:20px;border-radius:8px;margin:20px 0;\"><h3 style=\"margin-top:0;color:#15803d;\">\u00bfTienes clase II y quieres saber si Invisalign puede corregirla?<\/h3><p>Consulta los precios de ortodoncia invisible en Barcelona y descubre qu\u00e9 plan se adapta a tu caso.<\/p><p><a style=\"color:#15803d;font-weight:bold;text-decoration:underline;\" title=\"Precio ortodoncia invisible Barcelona\" href=\"\/en\/invisible-orthodontics-price-in-barcelona\/\">Ver precios de ortodoncia invisible<\/a><\/p><\/div><\/p>\t\t\t\t\t\t\t\t<\/div>\n\t\t\t\t<\/div>\n\t\t\t\t\t<\/div>\n\t\t<\/div>\n\t\t\t\t\t<\/div>\n\t\t<\/section>\n\t\t\t\t<section class=\"elementor-section elementor-top-section elementor-element elementor-element-389bfce7 elementor-section-boxed elementor-section-height-default elementor-section-height-default\" data-id=\"389bfce7\" data-element_type=\"section\" data-e-type=\"section\">\n\t\t\t\t\t\t<div class=\"elementor-container elementor-column-gap-default\">\n\t\t\t\t\t<div class=\"elementor-column elementor-col-100 elementor-top-column elementor-element elementor-element-806510\" data-id=\"806510\" data-element_type=\"column\" data-e-type=\"column\">\n\t\t\t<div class=\"elementor-widget-wrap elementor-element-populated\">\n\t\t\t\t\t\t<div class=\"elementor-element elementor-element-69fcd0 elementor-widget elementor-widget-heading\" data-id=\"69fcd0\" data-element_type=\"widget\" data-e-type=\"widget\" data-widget_type=\"heading.default\">\n\t\t\t\t<div class=\"elementor-widget-container\">\n\t\t\t\t\t<h2 class=\"elementor-heading-title elementor-size-default\">Tratamiento en adultos: ortodoncia sin cirug\u00eda<\/h2>\t\t\t\t<\/div>\n\t\t\t\t<\/div>\n\t\t\t\t<div class=\"elementor-element elementor-element-5429965e elementor-widget elementor-widget-text-editor\" data-id=\"5429965e\" data-element_type=\"widget\" data-e-type=\"widget\" data-widget_type=\"text-editor.default\">\n\t\t\t\t<div class=\"elementor-widget-container\">\n\t\t\t\t\t\t\t\t\t<p><p>En adultos el hueso ha terminado de crecer. Para clase II de origen dental o mixto-leve, la ortodoncia puede mejorar significativamente la mordida sin cirug\u00eda.<\/p><p><strong>Ortodoncia con el\u00e1sticos intermaxilares.<\/strong> Las bandas de goma que conectan brackets o alineadores del maxilar superior con los del inferior generan fuerzas que adelantan la mand\u00edbula de forma controlada.<\/p><p><strong>Stripping dental.<\/strong> En algunos casos se combina con stripping para ganar el espacio necesario sin extracciones.<\/p><p>El l\u00edmite de la ortodoncia sin cirug\u00eda en adultos viene determinado por el grado de discrepancia esquel\u00e9tica. Cuando supera los 5-6 mm, los resultados suelen ser insatisfactorios o inestables a largo plazo. Puede consultar m\u00e1s sobre c\u00f3mo afecta la <a href=\"\/en\/mandibula-hacia-atras\/\">mand\u00edbula hacia atr\u00e1s<\/a> al tratamiento en adultos.<\/p><\/p>\t\t\t\t\t\t\t\t<\/div>\n\t\t\t\t<\/div>\n\t\t\t\t\t<\/div>\n\t\t<\/div>\n\t\t\t\t\t<\/div>\n\t\t<\/section>\n\t\t\t\t<section class=\"elementor-section elementor-top-section elementor-element elementor-element-20136ae0 elementor-section-boxed elementor-section-height-default elementor-section-height-default\" data-id=\"20136ae0\" data-element_type=\"section\" data-e-type=\"section\">\n\t\t\t\t\t\t<div class=\"elementor-container elementor-column-gap-default\">\n\t\t\t\t\t<div class=\"elementor-column elementor-col-100 elementor-top-column elementor-element elementor-element-4234a8\" data-id=\"4234a8\" data-element_type=\"column\" data-e-type=\"column\">\n\t\t\t<div class=\"elementor-widget-wrap elementor-element-populated\">\n\t\t\t\t\t\t<div class=\"elementor-element elementor-element-515b3879 elementor-widget elementor-widget-heading\" data-id=\"515b3879\" data-element_type=\"widget\" data-e-type=\"widget\" data-widget_type=\"heading.default\">\n\t\t\t\t<div class=\"elementor-widget-container\">\n\t\t\t\t\t<h2 class=\"elementor-heading-title elementor-size-default\">Invisalign para clase II: qu\u00e9 puede corregir<\/h2>\t\t\t\t<\/div>\n\t\t\t\t<\/div>\n\t\t\t\t<div class=\"elementor-element elementor-element-3f96fc6f elementor-widget elementor-widget-text-editor\" data-id=\"3f96fc6f\" data-element_type=\"widget\" data-e-type=\"widget\" data-widget_type=\"text-editor.default\">\n\t\t\t\t<div class=\"elementor-widget-container\">\n\t\t\t\t\t\t\t\t\t<p><p>Invisalign puede tratar casos de clase II cuando el origen es dental o mixto-leve. Los alineadores permiten desplazar los dientes superiores hacia atr\u00e1s y los inferiores hacia adelante, mejorando la relaci\u00f3n entre arcadas.<\/p><p>En combinaci\u00f3n con el\u00e1sticos intermaxilares \u2014compatibles con Invisalign\u2014 se puede a\u00f1adir una fuerza que contribuye a adelantar la mand\u00edbula de forma moderada.<\/p><p><strong>Invisalign puede corregir la clase II cuando:<\/strong> el componente esquel\u00e9tico es m\u00ednimo, la discrepancia molar no supera los 4-5 mm y el paciente tiene un biotipo facial favorable.<\/p><p><strong>Invisalign no puede corregir la clase II cuando:<\/strong> la discrepancia esquel\u00e9tica es moderada o severa, el perfil requiere un avance mandibular real o cuando el caso necesita extracciones complejas. En esos casos, los alineadores se usan como fase preoperatoria junto a la cirug\u00eda ortogn\u00e1tica.<\/p><\/p>\t\t\t\t\t\t\t\t<\/div>\n\t\t\t\t<\/div>\n\t\t\t\t\t<\/div>\n\t\t<\/div>\n\t\t\t\t\t<\/div>\n\t\t<\/section>\n\t\t\t\t<section class=\"elementor-section elementor-top-section elementor-element elementor-element-6665f01a elementor-section-boxed elementor-section-height-default elementor-section-height-default\" data-id=\"6665f01a\" data-element_type=\"section\" data-e-type=\"section\">\n\t\t\t\t\t\t<div class=\"elementor-container elementor-column-gap-default\">\n\t\t\t\t\t<div class=\"elementor-column elementor-col-100 elementor-top-column elementor-element elementor-element-6c7d89e2\" data-id=\"6c7d89e2\" data-element_type=\"column\" data-e-type=\"column\">\n\t\t\t<div class=\"elementor-widget-wrap elementor-element-populated\">\n\t\t\t\t\t\t<div class=\"elementor-element elementor-element-51ee311b elementor-widget elementor-widget-heading\" data-id=\"51ee311b\" data-element_type=\"widget\" data-e-type=\"widget\" data-widget_type=\"heading.default\">\n\t\t\t\t<div class=\"elementor-widget-container\">\n\t\t\t\t\t<h2 class=\"elementor-heading-title elementor-size-default\">Cu\u00e1ndo es necesaria la cirug\u00eda ortogn\u00e1tica<\/h2>\t\t\t\t<\/div>\n\t\t\t\t<\/div>\n\t\t\t\t<div class=\"elementor-element elementor-element-44c66bae elementor-widget elementor-widget-text-editor\" data-id=\"44c66bae\" data-element_type=\"widget\" data-e-type=\"widget\" data-widget_type=\"text-editor.default\">\n\t\t\t\t<div class=\"elementor-widget-container\">\n\t\t\t\t\t\t\t\t\t<p><p>La cirug\u00eda ortogn\u00e1tica est\u00e1 indicada en adultos con clase II esquel\u00e9tica moderada o severa, cuando la ortodoncia sola no puede corregir la discrepancia entre los huesos.<\/p><p>El procedimiento m\u00e1s habitual es la osteotom\u00eda sagital de rama mandibular: el cirujano secciona el hueso mandibular y lo adelanta hasta la posici\u00f3n correcta, donde se fija con miniplacas de titanio.<\/p><p>El proceso combina ortodoncia preoperatoria de 12-18 meses, intervenci\u00f3n quir\u00fargica bajo anestesia general con hospitalizaci\u00f3n de 1-2 d\u00edas, y ortodoncia posoperatoria de 6-12 meses. Los resultados son permanentes.<\/p><\/p>\t\t\t\t\t\t\t\t<\/div>\n\t\t\t\t<\/div>\n\t\t\t\t\t<\/div>\n\t\t<\/div>\n\t\t\t\t\t<\/div>\n\t\t<\/section>\n\t\t\t\t<section class=\"elementor-section elementor-top-section elementor-element elementor-element-41a5bea6 elementor-section-boxed elementor-section-height-default elementor-section-height-default\" data-id=\"41a5bea6\" data-element_type=\"section\" data-e-type=\"section\">\n\t\t\t\t\t\t<div class=\"elementor-container elementor-column-gap-default\">\n\t\t\t\t\t<div class=\"elementor-column elementor-col-100 elementor-top-column elementor-element elementor-element-5943481a\" data-id=\"5943481a\" data-element_type=\"column\" data-e-type=\"column\">\n\t\t\t<div class=\"elementor-widget-wrap elementor-element-populated\">\n\t\t\t\t\t\t<div class=\"elementor-element elementor-element-d1bc58f elementor-widget elementor-widget-heading\" data-id=\"d1bc58f\" data-element_type=\"widget\" data-e-type=\"widget\" data-widget_type=\"heading.default\">\n\t\t\t\t<div class=\"elementor-widget-container\">\n\t\t\t\t\t<h2 class=\"elementor-heading-title elementor-size-default\">Precio del tratamiento de la clase 2 dental<\/h2>\t\t\t\t<\/div>\n\t\t\t\t<\/div>\n\t\t\t\t<div class=\"elementor-element elementor-element-628ee715 elementor-widget elementor-widget-accordion\" data-id=\"628ee715\" data-element_type=\"widget\" data-e-type=\"widget\" data-widget_type=\"accordion.default\">\n\t\t\t\t<div class=\"elementor-widget-container\">\n\t\t\t\t\t\t\t<div class=\"elementor-accordion\">\n\t\t\t\t\t\t\t<div class=\"elementor-accordion-item\">\n\t\t\t\t\t<div id=\"elementor-tab-title-1651\" class=\"elementor-tab-title\" data-tab=\"1\" role=\"button\" aria-controls=\"elementor-tab-content-1651\" aria-expanded=\"false\">\n\t\t\t\t\t\t\t\t\t\t\t\t\t<span class=\"elementor-accordion-icon elementor-accordion-icon-left\" aria-hidden=\"true\">\n\t\t\t\t\t\t\t\t\t\t\t\t\t\t\t<span class=\"elementor-accordion-icon-closed\"><i class=\"fas fa-plus\"><\/i><\/span>\n\t\t\t\t\t\t\t\t<span class=\"elementor-accordion-icon-opened\"><i class=\"fas fa-minus\"><\/i><\/span>\n\t\t\t\t\t\t\t\t\t\t\t\t\t\t<\/span>\n\t\t\t\t\t\t\t\t\t\t\t\t<a class=\"elementor-accordion-title\" tabindex=\"0\">\u00bfLa clase II se puede corregir sin cirug\u00eda?<\/a>\n\t\t\t\t\t<\/div>\n\t\t\t\t\t<div id=\"elementor-tab-content-1651\" class=\"elementor-tab-content elementor-clearfix\" data-tab=\"1\" role=\"region\" aria-labelledby=\"elementor-tab-title-1651\"><p>Depende del tipo y la gravedad. La clase II dental y la mixta-leve pueden corregirse con ortodoncia sola en adultos. En ni\u00f1os, los aparatos funcionales pueden resolver casos esquel\u00e9ticos sin cirug\u00eda aprovechando el crecimiento. En adultos con clase II esquel\u00e9tica moderada o severa, la cirug\u00eda ortogn\u00e1tica es generalmente necesaria para obtener resultados estables.<\/p><\/div>\n\t\t\t\t<\/div>\n\t\t\t\t\t\t\t<div class=\"elementor-accordion-item\">\n\t\t\t\t\t<div id=\"elementor-tab-title-1652\" class=\"elementor-tab-title\" data-tab=\"2\" role=\"button\" aria-controls=\"elementor-tab-content-1652\" aria-expanded=\"false\">\n\t\t\t\t\t\t\t\t\t\t\t\t\t<span class=\"elementor-accordion-icon elementor-accordion-icon-left\" aria-hidden=\"true\">\n\t\t\t\t\t\t\t\t\t\t\t\t\t\t\t<span class=\"elementor-accordion-icon-closed\"><i class=\"fas fa-plus\"><\/i><\/span>\n\t\t\t\t\t\t\t\t<span class=\"elementor-accordion-icon-opened\"><i class=\"fas fa-minus\"><\/i><\/span>\n\t\t\t\t\t\t\t\t\t\t\t\t\t\t<\/span>\n\t\t\t\t\t\t\t\t\t\t\t\t<a class=\"elementor-accordion-title\" tabindex=\"0\">\u00bfA qu\u00e9 edad es mejor tratar la clase II?<\/a>\n\t\t\t\t\t<\/div>\n\t\t\t\t\t<div id=\"elementor-tab-content-1652\" class=\"elementor-tab-content elementor-clearfix\" data-tab=\"2\" role=\"region\" aria-labelledby=\"elementor-tab-title-1652\"><p>El momento ideal es durante el crecimiento, entre los 7 y 12 a\u00f1os, cuando los aparatos funcionales pueden estimular el desarrollo mandibular sin cirug\u00eda. Tratar antes del pico de crecimiento puberal maximiza los resultados. En adultos el tratamiento sigue siendo posible, pero habitualmente requiere cirug\u00eda en casos esquel\u00e9ticos.<\/p><\/div>\n\t\t\t\t<\/div>\n\t\t\t\t\t\t\t<div class=\"elementor-accordion-item\">\n\t\t\t\t\t<div id=\"elementor-tab-title-1653\" class=\"elementor-tab-title\" data-tab=\"3\" role=\"button\" aria-controls=\"elementor-tab-content-1653\" aria-expanded=\"false\">\n\t\t\t\t\t\t\t\t\t\t\t\t\t<span class=\"elementor-accordion-icon elementor-accordion-icon-left\" aria-hidden=\"true\">\n\t\t\t\t\t\t\t\t\t\t\t\t\t\t\t<span class=\"elementor-accordion-icon-closed\"><i class=\"fas fa-plus\"><\/i><\/span>\n\t\t\t\t\t\t\t\t<span class=\"elementor-accordion-icon-opened\"><i class=\"fas fa-minus\"><\/i><\/span>\n\t\t\t\t\t\t\t\t\t\t\t\t\t\t<\/span>\n\t\t\t\t\t\t\t\t\t\t\t\t<a class=\"elementor-accordion-title\" tabindex=\"0\">\u00bfLa clase II es hereditaria?<\/a>\n\t\t\t\t\t<\/div>\n\t\t\t\t\t<div id=\"elementor-tab-content-1653\" class=\"elementor-tab-content elementor-clearfix\" data-tab=\"3\" role=\"region\" aria-labelledby=\"elementor-tab-title-1653\"><p>S\u00ed, en muchos casos. El tama\u00f1o y la posici\u00f3n de los huesos maxilar y mandibular tienen base gen\u00e9tica importante. Es frecuente encontrar clase II en varios miembros de una familia. Los h\u00e1bitos en la infancia tambi\u00e9n influyen y pueden corregirse actuando sobre ellos de forma temprana.<\/p><\/div>\n\t\t\t\t<\/div>\n\t\t\t\t\t\t\t<div class=\"elementor-accordion-item\">\n\t\t\t\t\t<div id=\"elementor-tab-title-1654\" class=\"elementor-tab-title\" data-tab=\"4\" role=\"button\" aria-controls=\"elementor-tab-content-1654\" aria-expanded=\"false\">\n\t\t\t\t\t\t\t\t\t\t\t\t\t<span class=\"elementor-accordion-icon elementor-accordion-icon-left\" aria-hidden=\"true\">\n\t\t\t\t\t\t\t\t\t\t\t\t\t\t\t<span class=\"elementor-accordion-icon-closed\"><i class=\"fas fa-plus\"><\/i><\/span>\n\t\t\t\t\t\t\t\t<span class=\"elementor-accordion-icon-opened\"><i class=\"fas fa-minus\"><\/i><\/span>\n\t\t\t\t\t\t\t\t\t\t\t\t\t\t<\/span>\n\t\t\t\t\t\t\t\t\t\t\t\t<a class=\"elementor-accordion-title\" tabindex=\"0\">\u00bfCu\u00e1nto dura el tratamiento de la clase II?<\/a>\n\t\t\t\t\t<\/div>\n\t\t\t\t\t<div id=\"elementor-tab-content-1654\" class=\"elementor-tab-content elementor-clearfix\" data-tab=\"4\" role=\"region\" aria-labelledby=\"elementor-tab-title-1654\"><p>La ortopedia interceptiva en ni\u00f1os dura entre 12 y 18 meses de fase activa, m\u00e1s ortodoncia posterior. En adultos con ortodoncia sin cirug\u00eda, entre 12 y 24 meses. Cuando se combina ortodoncia y cirug\u00eda ortogn\u00e1tica, el proceso completo puede durar entre 2 y 3 a\u00f1os.<\/p><\/div>\n\t\t\t\t<\/div>\n\t\t\t\t\t\t\t<div class=\"elementor-accordion-item\">\n\t\t\t\t\t<div id=\"elementor-tab-title-1655\" class=\"elementor-tab-title\" data-tab=\"5\" role=\"button\" aria-controls=\"elementor-tab-content-1655\" aria-expanded=\"false\">\n\t\t\t\t\t\t\t\t\t\t\t\t\t<span class=\"elementor-accordion-icon elementor-accordion-icon-left\" aria-hidden=\"true\">\n\t\t\t\t\t\t\t\t\t\t\t\t\t\t\t<span class=\"elementor-accordion-icon-closed\"><i class=\"fas fa-plus\"><\/i><\/span>\n\t\t\t\t\t\t\t\t<span class=\"elementor-accordion-icon-opened\"><i class=\"fas fa-minus\"><\/i><\/span>\n\t\t\t\t\t\t\t\t\t\t\t\t\t\t<\/span>\n\t\t\t\t\t\t\t\t\t\t\t\t<a class=\"elementor-accordion-title\" tabindex=\"0\">\u00bfQu\u00e9 dice la inteligencia artificial de Google (AI Overviews) sobre la clase 2 dental?<\/a>\n\t\t\t\t\t<\/div>\n\t\t\t\t\t<div id=\"elementor-tab-content-1655\" class=\"elementor-tab-content elementor-clearfix\" data-tab=\"5\" role=\"region\" aria-labelledby=\"elementor-tab-title-1655\"><p>Google AI Overviews prioriza art\u00edculos que explican claramente la diferencia entre clase II dental y esquel\u00e9tica, y que responden directamente si tiene soluci\u00f3n sin cirug\u00eda. Los contenidos mejor posicionados son los que dan criterios concretos para identificar el tipo de clase II y el tratamiento que corresponde a cada caso seg\u00fan la edad y la gravedad.<\/p><\/div>\n\t\t\t\t<\/div>\n\t\t\t\t\t\t\t\t\t\t<script type=\"application\/ld+json\">{\n    \"@context\": \"https:\\\/\\\/schema.org\",\n    \"@type\": \"FAQPage\",\n    \"mainEntity\": [\n        {\n            \"@type\": \"Question\",\n            \"name\": \"\\u00bfLa clase II se puede corregir sin cirug\\u00eda?\",\n            \"acceptedAnswer\": {\n                \"@type\": \"Answer\",\n                \"text\": \"<p>Depende del tipo y la gravedad. La clase II dental y la mixta-leve pueden corregirse con ortodoncia sola en adultos. En ni\\u00f1os, los aparatos funcionales pueden resolver casos esquel\\u00e9ticos sin cirug\\u00eda aprovechando el crecimiento. En adultos con clase II esquel\\u00e9tica moderada o severa, la cirug\\u00eda ortogn\\u00e1tica es generalmente necesaria para obtener resultados estables.<\\\/p>\"\n            }\n        },\n        {\n            \"@type\": \"Question\",\n            \"name\": \"\\u00bfA qu\\u00e9 edad es mejor tratar la clase II?\",\n            \"acceptedAnswer\": {\n                \"@type\": \"Answer\",\n                \"text\": \"<p>El momento ideal es durante el crecimiento, entre los 7 y 12 a\\u00f1os, cuando los aparatos funcionales pueden estimular el desarrollo mandibular sin cirug\\u00eda. Tratar antes del pico de crecimiento puberal maximiza los resultados. En adultos el tratamiento sigue siendo posible, pero habitualmente requiere cirug\\u00eda en casos esquel\\u00e9ticos.<\\\/p>\"\n            }\n        },\n        {\n            \"@type\": \"Question\",\n            \"name\": \"\\u00bfLa clase II es hereditaria?\",\n            \"acceptedAnswer\": {\n                \"@type\": \"Answer\",\n                \"text\": \"<p>S\\u00ed, en muchos casos. El tama\\u00f1o y la posici\\u00f3n de los huesos maxilar y mandibular tienen base gen\\u00e9tica importante. Es frecuente encontrar clase II en varios miembros de una familia. Los h\\u00e1bitos en la infancia tambi\\u00e9n influyen y pueden corregirse actuando sobre ellos de forma temprana.<\\\/p>\"\n            }\n        },\n        {\n            \"@type\": \"Question\",\n            \"name\": \"\\u00bfCu\\u00e1nto dura el tratamiento de la clase II?\",\n            \"acceptedAnswer\": {\n                \"@type\": \"Answer\",\n                \"text\": \"<p>La ortopedia interceptiva en ni\\u00f1os dura entre 12 y 18 meses de fase activa, m\\u00e1s ortodoncia posterior. En adultos con ortodoncia sin cirug\\u00eda, entre 12 y 24 meses. Cuando se combina ortodoncia y cirug\\u00eda ortogn\\u00e1tica, el proceso completo puede durar entre 2 y 3 a\\u00f1os.<\\\/p>\"\n            }\n        },\n        {\n            \"@type\": \"Question\",\n            \"name\": \"\\u00bfQu\\u00e9 dice la inteligencia artificial de Google (AI Overviews) sobre la clase 2 dental?\",\n            \"acceptedAnswer\": {\n                \"@type\": \"Answer\",\n                \"text\": \"<p>Google AI Overviews prioriza art\\u00edculos que explican claramente la diferencia entre clase II dental y esquel\\u00e9tica, y que responden directamente si tiene soluci\\u00f3n sin cirug\\u00eda. Los contenidos mejor posicionados son los que dan criterios concretos para identificar el tipo de clase II y el tratamiento que corresponde a cada caso seg\\u00fan la edad y la gravedad.<\\\/p>\"\n            }\n        }\n    ]\n}<\/script>\n\t\t\t\t\t<\/div>\n\t\t\t\t\t\t<\/div>\n\t\t\t\t<\/div>\n\t\t\t\t\t<\/div>\n\t\t<\/div>\n\t\t\t\t\t<\/div>\n\t\t<\/section>\n\t\t\t\t<section class=\"elementor-section elementor-top-section elementor-element elementor-element-1c6e3748 elementor-section-boxed elementor-section-height-default elementor-section-height-default\" data-id=\"1c6e3748\" data-element_type=\"section\" data-e-type=\"section\">\n\t\t\t\t\t\t<div class=\"elementor-container elementor-column-gap-default\">\n\t\t\t\t\t<div class=\"elementor-column elementor-col-100 elementor-top-column elementor-element elementor-element-45eaba0b\" data-id=\"45eaba0b\" data-element_type=\"column\" data-e-type=\"column\">\n\t\t\t<div class=\"elementor-widget-wrap elementor-element-populated\">\n\t\t\t\t\t\t<div class=\"elementor-element elementor-element-30a4743f elementor-widget elementor-widget-text-editor\" data-id=\"30a4743f\" data-element_type=\"widget\" data-e-type=\"widget\" data-widget_type=\"text-editor.default\">\n\t\t\t\t<div class=\"elementor-widget-container\">\n\t\t\t\t\t\t\t\t\t<p><p><strong>Ortopedia en ni\u00f1os.<\/strong> Coste inferior al tratamiento adulto. En muchos casos evita la necesidad de cirug\u00eda futura, lo que lo convierte en la inversi\u00f3n m\u00e1s rentable.<\/p><p><strong>Ortodoncia sin cirug\u00eda en adultos.<\/strong> El precio var\u00eda seg\u00fan la complejidad y el sistema elegido. Consulta los <a href=\"\/en\/invisible-orthodontics-price-in-barcelona\/\">precios de ortodoncia invisible<\/a> para conocer el presupuesto seg\u00fan tu caso.<\/p><p><strong>Cirug\u00eda ortogn\u00e1tica.<\/strong> El tratamiento m\u00e1s costoso. En Espa\u00f1a el coste global puede oscilar entre 8.000 y 20.000 euros seg\u00fan si es monomaxilar o bimaxilar. Algunas mutuas cubren parcialmente cuando existe indicaci\u00f3n m\u00e9dica documentada como apnea del sue\u00f1o asociada.<\/p><\/p>\t\t\t\t\t\t\t\t<\/div>\n\t\t\t\t<\/div>\n\t\t\t\t<div class=\"elementor-element elementor-element-285720ad elementor-widget elementor-widget-shortcode\" data-id=\"285720ad\" data-element_type=\"widget\" data-e-type=\"widget\" data-widget_type=\"shortcode.default\">\n\t\t\t\t<div class=\"elementor-widget-container\">\n\t\t\t\t\t\t\t<div class=\"elementor-shortcode\"><!-- FeedbackWP Plugin --><div  class=\"rmp-widgets-container rmp-wp-plugin rmp-main-container js-rmp-widgets-container js-rmp-widgets-container--16431\"  data-post-id=\"16431\">    <!-- Rating widget -->  <div class=\"rmp-rating-widget js-rmp-rating-widget\">          <p class=\"rmp-heading rmp-heading--title\">        \u00bfDe cu\u00e1nta utilidad te ha parecido este contenido?      <\/p>              <p class=\"rmp-heading rmp-heading--subtitle\">        \u00a1Haz clic en una estrella para puntuarlo!      <\/p>        <div class=\"rmp-rating-widget__icons\">      <ul class=\"rmp-rating-widget__icons-list js-rmp-rating-icons-list\">                  <li class=\"rmp-rating-widget__icons-list__icon js-rmp-rating-item\" data-descriptive-rating=\"Nada \u00fatil\" data-value=\"1\">              <i class=\"js-rmp-rating-icon rmp-icon rmp-icon--ratings rmp-icon--star\"><\/i>          <\/li>                  <li class=\"rmp-rating-widget__icons-list__icon js-rmp-rating-item\" data-descriptive-rating=\"Algo \u00fatil\" data-value=\"2\">              <i class=\"js-rmp-rating-icon rmp-icon rmp-icon--ratings rmp-icon--star\"><\/i>          <\/li>                  <li class=\"rmp-rating-widget__icons-list__icon js-rmp-rating-item\" data-descriptive-rating=\"\u00datil\" data-value=\"3\">              <i class=\"js-rmp-rating-icon rmp-icon rmp-icon--ratings rmp-icon--star\"><\/i>          <\/li>                  <li class=\"rmp-rating-widget__icons-list__icon js-rmp-rating-item\" data-descriptive-rating=\"Bastante \u00fatil\" data-value=\"4\">              <i class=\"js-rmp-rating-icon rmp-icon rmp-icon--ratings rmp-icon--star\"><\/i>          <\/li>                  <li class=\"rmp-rating-widget__icons-list__icon js-rmp-rating-item\" data-descriptive-rating=\"Muy \u00fatil\" data-value=\"5\">              <i class=\"js-rmp-rating-icon rmp-icon rmp-icon--ratings rmp-icon--star\"><\/i>          <\/li>              <\/ul>    <\/div>    <p class=\"rmp-rating-widget__hover-text js-rmp-hover-text\"><\/p>        <button class=\"rmp-rating-widget__submit-btn rmp-btn js-submit-rating-btn\">      Enviar la puntuaci\u00f3n    <\/button>    <p class=\"rmp-rating-widget__results js-rmp-results rmp-rating-widget__results--hidden\">      Puntuaci\u00f3n media <span class=\"rmp-rating-widget__results__rating js-rmp-avg-rating\">0<\/span> \/ 5. Recuento de votos: <span class=\"rmp-rating-widget__results__votes js-rmp-vote-count\">0<\/span>    <\/p>    <p class=\"rmp-rating-widget__not-rated js-rmp-not-rated\">      Hasta ahora, \u00a1no hay votos!. S\u00e9 el primero en puntuar este contenido.    <\/p>    <p class=\"rmp-rating-widget__msg js-rmp-msg\"><\/p>  <\/div>  <!--Structured data -->        <\/div><\/div>\n\t\t\t\t\t\t<\/div>\n\t\t\t\t<\/div>\n\t\t\t\t\t<\/div>\n\t\t<\/div>\n\t\t\t\t\t<\/div>\n\t\t<\/section>\n\t\t\t\t<section class=\"elementor-section elementor-top-section elementor-element elementor-element-11e0634c elementor-section-boxed elementor-section-height-default elementor-section-height-default\" data-id=\"11e0634c\" data-element_type=\"section\" data-e-type=\"section\">\n\t\t\t\t\t\t<div class=\"elementor-container elementor-column-gap-default\">\n\t\t\t\t\t<div class=\"elementor-column elementor-col-50 elementor-top-column elementor-element elementor-element-59d5f2ab\" data-id=\"59d5f2ab\" data-element_type=\"column\" data-e-type=\"column\">\n\t\t\t<div class=\"elementor-widget-wrap elementor-element-populated\">\n\t\t\t\t\t\t<div class=\"elementor-element elementor-element-7804fd13 elementor-view-default elementor-position-block-start elementor-mobile-position-block-start elementor-widget elementor-widget-icon-box\" data-id=\"7804fd13\" data-element_type=\"widget\" data-e-type=\"widget\" data-widget_type=\"icon-box.default\">\n\t\t\t\t<div class=\"elementor-widget-container\">\n\t\t\t\t\t\t\t<div class=\"elementor-icon-box-wrapper\">\n\n\t\t\t\t\t\t<div class=\"elementor-icon-box-icon\">\n\t\t\t\t<a href=\"https:\/\/share.google\/5cU6eKZgy4v6SO4UH\" target=\"_blank\" class=\"elementor-icon\" tabindex=\"-1\" aria-label=\"Visite nuestra empresa\">\n\t\t\t\t<i aria-hidden=\"true\" class=\"fab fa-google\"><\/i>\t\t\t\t<\/a>\n\t\t\t<\/div>\n\t\t\t\n\t\t\t\t\t\t<div class=\"elementor-icon-box-content\">\n\n\t\t\t\t\t\t\t\t\t<h5 class=\"elementor-icon-box-title\">\n\t\t\t\t\t\t<a href=\"https:\/\/share.google\/5cU6eKZgy4v6SO4UH\" target=\"_blank\" >\n\t\t\t\t\t\t\tVisite nuestra empresa\t\t\t\t\t\t<\/a>\n\t\t\t\t\t<\/h5>\n\t\t\t\t\n\t\t\t\t\n\t\t\t<\/div>\n\t\t\t\n\t\t<\/div>\n\t\t\t\t\t\t<\/div>\n\t\t\t\t<\/div>\n\t\t\t\t\t<\/div>\n\t\t<\/div>\n\t\t\t\t<div class=\"elementor-column elementor-col-50 elementor-top-column elementor-element elementor-element-7b6abae5\" data-id=\"7b6abae5\" data-element_type=\"column\" data-e-type=\"column\">\n\t\t\t<div class=\"elementor-widget-wrap elementor-element-populated\">\n\t\t\t\t\t\t<div class=\"elementor-element elementor-element-4043a09b elementor-view-default elementor-position-block-start elementor-mobile-position-block-start elementor-widget elementor-widget-icon-box\" data-id=\"4043a09b\" data-element_type=\"widget\" data-e-type=\"widget\" data-widget_type=\"icon-box.default\">\n\t\t\t\t<div class=\"elementor-widget-container\">\n\t\t\t\t\t\t\t<div class=\"elementor-icon-box-wrapper\">\n\n\t\t\t\t\t\t<div class=\"elementor-icon-box-icon\">\n\t\t\t\t<a href=\"\/en\/contact\/\" class=\"elementor-icon\" tabindex=\"-1\" aria-label=\"Contacte con nosotros\">\n\t\t\t\t<i aria-hidden=\"true\" class=\"far fa-envelope\"><\/i>\t\t\t\t<\/a>\n\t\t\t<\/div>\n\t\t\t\n\t\t\t\t\t\t<div class=\"elementor-icon-box-content\">\n\n\t\t\t\t\t\t\t\t\t<h5 class=\"elementor-icon-box-title\">\n\t\t\t\t\t\t<a href=\"\/en\/contact\/\" >\n\t\t\t\t\t\t\tContacte con nosotros\t\t\t\t\t\t<\/a>\n\t\t\t\t\t<\/h5>\n\t\t\t\t\n\t\t\t\t\n\t\t\t<\/div>\n\t\t\t\n\t\t<\/div>\n\t\t\t\t\t\t<\/div>\n\t\t\t\t<\/div>\n\t\t\t\t\t<\/div>\n\t\t<\/div>\n\t\t\t\t\t<\/div>\n\t\t<\/section>\n\t\t\t\t<section class=\"elementor-section elementor-top-section elementor-element elementor-element-3405e5b4 elementor-section-boxed elementor-section-height-default elementor-section-height-default\" data-id=\"3405e5b4\" data-element_type=\"section\" data-e-type=\"section\">\n\t\t\t\t\t\t<div class=\"elementor-container elementor-column-gap-default\">\n\t\t\t\t\t<div class=\"elementor-column elementor-col-100 elementor-top-column elementor-element elementor-element-3f743f38\" data-id=\"3f743f38\" data-element_type=\"column\" data-e-type=\"column\">\n\t\t\t<div class=\"elementor-widget-wrap elementor-element-populated\">\n\t\t\t\t\t\t<div class=\"elementor-element elementor-element-20ccb343 elementor-widget-divider--view-line_text elementor-widget-divider--element-align-left elementor-widget elementor-widget-divider\" data-id=\"20ccb343\" data-element_type=\"widget\" data-e-type=\"widget\" data-widget_type=\"divider.default\">\n\t\t\t\t<div class=\"elementor-widget-container\">\n\t\t\t\t\t\t\t<div class=\"elementor-divider\">\n\t\t\t<span class=\"elementor-divider-separator\">\n\t\t\t\t\t\t\t<span class=\"elementor-divider__text elementor-divider__element\">\n\t\t\t\tM\u00e1s<b> Noticias<\/b>\t\t\t\t<\/span>\n\t\t\t\t\t\t<\/span>\n\t\t<\/div>\n\t\t\t\t\t\t<\/div>\n\t\t\t\t<\/div>\n\t\t\t\t\t<\/div>\n\t\t<\/div>\n\t\t\t\t\t<\/div>\n\t\t<\/section>\n\t\t\t\t<section class=\"elementor-section elementor-top-section elementor-element elementor-element-51770837 elementor-section-boxed elementor-section-height-default elementor-section-height-default\" data-id=\"51770837\" data-element_type=\"section\" data-e-type=\"section\">\n\t\t\t\t\t\t<div class=\"elementor-container elementor-column-gap-default\">\n\t\t\t\t\t<div class=\"elementor-column elementor-col-100 elementor-top-column elementor-element elementor-element-6ee5281c\" data-id=\"6ee5281c\" data-element_type=\"column\" data-e-type=\"column\">\n\t\t\t<div class=\"elementor-widget-wrap elementor-element-populated\">\n\t\t\t\t\t\t<div class=\"elementor-element elementor-element-22bcb396 elementor-grid-2 elementor-grid-tablet-2 elementor-grid-mobile-1 elementor-posts--thumbnail-top elementor-card-shadow-yes elementor-posts__hover-gradient elementor-widget elementor-widget-posts\" data-id=\"22bcb396\" data-element_type=\"widget\" data-e-type=\"widget\" data-settings=\"{&quot;cards_columns&quot;:&quot;2&quot;,&quot;cards_columns_tablet&quot;:&quot;2&quot;,&quot;cards_columns_mobile&quot;:&quot;1&quot;,&quot;cards_row_gap&quot;:{&quot;unit&quot;:&quot;px&quot;,&quot;size&quot;:35,&quot;sizes&quot;:[]},&quot;cards_row_gap_tablet&quot;:{&quot;unit&quot;:&quot;px&quot;,&quot;size&quot;:&quot;&quot;,&quot;sizes&quot;:[]},&quot;cards_row_gap_mobile&quot;:{&quot;unit&quot;:&quot;px&quot;,&quot;size&quot;:&quot;&quot;,&quot;sizes&quot;:[]}}\" data-widget_type=\"posts.cards\">\n\t\t\t\t<div class=\"elementor-widget-container\">\n\t\t\t\t\t\t\t<div class=\"elementor-posts-container elementor-posts elementor-posts--skin-cards elementor-grid\" role=\"list\">\n\t\t\t\t<article class=\"elementor-post elementor-grid-item post-16447 post type-post status-publish format-standard has-post-thumbnail hentry category-articulos-generales\" role=\"listitem\">\n\t\t\t<div class=\"elementor-post__card\">\n\t\t\t\t<a class=\"elementor-post__thumbnail__link\" href=\"https:\/\/clinicamarianasacotonavia.com\/en\/retencion-dental\/\" tabindex=\"-1\" target=\"_blank\"><div class=\"elementor-post__thumbnail\"><img decoding=\"async\" width=\"612\" height=\"408\" src=\"https:\/\/clinicamarianasacotonavia.com\/wp-content\/uploads\/2026\/04\/retencion-dental-.jpg\" class=\"attachment-large size-large wp-image-16458\" alt=\"Chica joven sosteniendo un retenedor dental transparente tras tratamiento de ortodoncia invisible\" srcset=\"https:\/\/clinicamarianasacotonavia.com\/wp-content\/uploads\/2026\/04\/retencion-dental-.jpg 612w, https:\/\/clinicamarianasacotonavia.com\/wp-content\/uploads\/2026\/04\/retencion-dental--300x200.jpg 300w, https:\/\/clinicamarianasacotonavia.com\/wp-content\/uploads\/2026\/04\/retencion-dental--18x12.jpg 18w\" sizes=\"(max-width: 612px) 100vw, 612px\" \/><\/div><\/a>\n\t\t\t\t<div class=\"elementor-post__badge\">Art\u00edculos generales<\/div>\n\t\t\t\t<div class=\"elementor-post__text\">\n\t\t\t\t<h3 class=\"elementor-post__title\">\n\t\t\t<a href=\"https:\/\/clinicamarianasacotonavia.com\/en\/retencion-dental\/\" target=\"&quot;_blank&quot;\">\n\t\t\t\tRetenci\u00f3n Dental: Qu\u00e9 Es, Tipos de Retenedores y Cu\u00e1nto Tiempo Usarlos\t\t\t<\/a>\n\t\t<\/h3>\n\t\t\t\t<div class=\"elementor-post__excerpt\">\n\t\t\t\t\t<\/div>\n\t\t\n\t\t<a class=\"elementor-post__read-more\" href=\"https:\/\/clinicamarianasacotonavia.com\/en\/retencion-dental\/\" aria-label=\"Read more about Retenci\u00f3n Dental: Qu\u00e9 Es, Tipos de Retenedores y Cu\u00e1nto Tiempo Usarlos\" tabindex=\"-1\" target=\"_blank\">\n\t\t\tRead more &quot;\t\t<\/a>\n\n\t\t\t\t<\/div>\n\t\t\t\t<div class=\"elementor-post__meta-data\">\n\t\t\t\t\t<span class=\"elementor-post-date\">\n\t\t\tApril 28, 2026\t\t<\/span>\n\t\t\t\t<\/div>\n\t\t\t\t\t<\/div>\n\t\t<\/article>\n\t\t\t\t<article class=\"elementor-post elementor-grid-item post-16431 post type-post status-publish format-standard has-post-thumbnail hentry category-articulos-generales\" role=\"listitem\">\n\t\t\t<div class=\"elementor-post__card\">\n\t\t\t\t<a class=\"elementor-post__thumbnail__link\" href=\"https:\/\/clinicamarianasacotonavia.com\/en\/clase-2-dental\/\" tabindex=\"-1\" target=\"_blank\"><div class=\"elementor-post__thumbnail\"><img loading=\"lazy\" decoding=\"async\" width=\"612\" height=\"469\" src=\"https:\/\/clinicamarianasacotonavia.com\/wp-content\/uploads\/2026\/04\/clase-2-dental.jpg\" class=\"attachment-large size-large wp-image-16432\" alt=\"Modelo dental mostrando maloclusi\u00f3n clase 2 con arcada superior adelantada\" srcset=\"https:\/\/clinicamarianasacotonavia.com\/wp-content\/uploads\/2026\/04\/clase-2-dental.jpg 612w, https:\/\/clinicamarianasacotonavia.com\/wp-content\/uploads\/2026\/04\/clase-2-dental-300x230.jpg 300w, https:\/\/clinicamarianasacotonavia.com\/wp-content\/uploads\/2026\/04\/clase-2-dental-16x12.jpg 16w\" sizes=\"(max-width: 612px) 100vw, 612px\" \/><\/div><\/a>\n\t\t\t\t<div class=\"elementor-post__badge\">Art\u00edculos generales<\/div>\n\t\t\t\t<div class=\"elementor-post__text\">\n\t\t\t\t<h3 class=\"elementor-post__title\">\n\t\t\t<a href=\"https:\/\/clinicamarianasacotonavia.com\/en\/clase-2-dental\/\" target=\"&quot;_blank&quot;\">\n\t\t\t\tClase 2 Dental: Qu\u00e9 Es, Tipos y C\u00f3mo Corregirla\t\t\t<\/a>\n\t\t<\/h3>\n\t\t\t\t<div class=\"elementor-post__excerpt\">\n\t\t\t\t\t<\/div>\n\t\t\n\t\t<a class=\"elementor-post__read-more\" href=\"https:\/\/clinicamarianasacotonavia.com\/en\/clase-2-dental\/\" aria-label=\"Read more about Clase 2 Dental: Qu\u00e9 Es, Tipos y C\u00f3mo Corregirla\" tabindex=\"-1\" target=\"_blank\">\n\t\t\tRead more &quot;\t\t<\/a>\n\n\t\t\t\t<\/div>\n\t\t\t\t<div class=\"elementor-post__meta-data\">\n\t\t\t\t\t<span class=\"elementor-post-date\">\n\t\t\tApril 22, 2026\t\t<\/span>\n\t\t\t\t<\/div>\n\t\t\t\t\t<\/div>\n\t\t<\/article>\n\t\t\t\t<article class=\"elementor-post elementor-grid-item post-16370 post type-post status-publish format-standard has-post-thumbnail hentry category-articulos-generales\" role=\"listitem\">\n\t\t\t<div class=\"elementor-post__card\">\n\t\t\t\t<a class=\"elementor-post__thumbnail__link\" href=\"https:\/\/clinicamarianasacotonavia.com\/en\/encias-retraidas\/\" tabindex=\"-1\" target=\"_blank\"><div class=\"elementor-post__thumbnail\"><img loading=\"lazy\" decoding=\"async\" width=\"612\" height=\"408\" src=\"https:\/\/clinicamarianasacotonavia.com\/wp-content\/uploads\/2026\/04\/encias-retraidas.jpg\" class=\"attachment-large size-large wp-image-16371\" alt=\"Persona mostrando enc\u00edas retra\u00eddas con recesi\u00f3n gingival visible\" srcset=\"https:\/\/clinicamarianasacotonavia.com\/wp-content\/uploads\/2026\/04\/encias-retraidas.jpg 612w, https:\/\/clinicamarianasacotonavia.com\/wp-content\/uploads\/2026\/04\/encias-retraidas-300x200.jpg 300w, https:\/\/clinicamarianasacotonavia.com\/wp-content\/uploads\/2026\/04\/encias-retraidas-18x12.jpg 18w\" sizes=\"(max-width: 612px) 100vw, 612px\" \/><\/div><\/a>\n\t\t\t\t<div class=\"elementor-post__badge\">Art\u00edculos generales<\/div>\n\t\t\t\t<div class=\"elementor-post__text\">\n\t\t\t\t<h3 class=\"elementor-post__title\">\n\t\t\t<a href=\"https:\/\/clinicamarianasacotonavia.com\/en\/encias-retraidas\/\" target=\"&quot;_blank&quot;\">\n\t\t\t\tEnc\u00edas Retra\u00eddas: Causas, S\u00edntomas y Tratamientos\t\t\t<\/a>\n\t\t<\/h3>\n\t\t\t\t<div class=\"elementor-post__excerpt\">\n\t\t\t\t\t<\/div>\n\t\t\n\t\t<a class=\"elementor-post__read-more\" href=\"https:\/\/clinicamarianasacotonavia.com\/en\/encias-retraidas\/\" aria-label=\"Read more about Enc\u00edas Retra\u00eddas: Causas, S\u00edntomas y Tratamientos\" tabindex=\"-1\" target=\"_blank\">\n\t\t\tRead more &quot;\t\t<\/a>\n\n\t\t\t\t<\/div>\n\t\t\t\t<div class=\"elementor-post__meta-data\">\n\t\t\t\t\t<span class=\"elementor-post-date\">\n\t\t\tApril 15, 2026\t\t<\/span>\n\t\t\t\t<\/div>\n\t\t\t\t\t<\/div>\n\t\t<\/article>\n\t\t\t\t<\/div>\n\t\t\n\t\t\t\t\t\t<\/div>\n\t\t\t\t<\/div>\n\t\t\t\t\t<\/div>\n\t\t<\/div>\n\t\t\t\t\t<\/div>\n\t\t<\/section>\n\t\t\t\t<section class=\"elementor-section elementor-top-section elementor-element elementor-element-2a81a635 elementor-section-boxed elementor-section-height-default elementor-section-height-default\" data-id=\"2a81a635\" data-element_type=\"section\" data-e-type=\"section\">\n\t\t\t\t\t\t<div class=\"elementor-container elementor-column-gap-default\">\n\t\t\t\t\t<div class=\"elementor-column elementor-col-100 elementor-top-column elementor-element elementor-element-659a1dd3\" data-id=\"659a1dd3\" data-element_type=\"column\" data-e-type=\"column\">\n\t\t\t<div class=\"elementor-widget-wrap elementor-element-populated\">\n\t\t\t\t\t\t<div class=\"elementor-element elementor-element-3e7e1ac0 elementor-widget elementor-widget-html\" data-id=\"3e7e1ac0\" data-element_type=\"widget\" data-e-type=\"widget\" data-widget_type=\"html.default\">\n\t\t\t\t<div class=\"elementor-widget-container\">\n\t\t\t\t\t<script type=\"application\/ld+json\">{\n    \"@context\": \"https:\\\/\\\/schema.org\",\n    \"@type\": \"Article\",\n    \"headline\": \"Clase 2 Dental: Qu\\u00e9 Es, Tipos y C\\u00f3mo Corregirla\",\n    \"description\": \"La clase 2 dental es una maloclusi\\u00f3n en la que los dientes superiores est\\u00e1n adelantados respecto a los inferiores. Descubre sus tipos, causas y todos los tratamientos disponibles.\",\n    \"url\": \"https:\\\/\\\/clinicamarianasacotonavia.com\\\/clase-2-dental\\\/\",\n    \"datePublished\": \"2026-04-28\",\n    \"dateModified\": \"2026-04-28\",\n    \"author\": {\n        \"@type\": \"Person\",\n        \"name\": \"Dra. Mariana Sacoto Navia\"\n    },\n    \"publisher\": {\n        \"@type\": \"Organization\",\n        \"name\": \"Cl\\u00ednica Mariana Sacoto Navia\",\n        \"url\": \"https:\\\/\\\/clinicamarianasacotonavia.com\"\n    },\n    \"mainEntityOfPage\": {\n        \"@type\": \"WebPage\",\n        \"@id\": \"https:\\\/\\\/clinicamarianasacotonavia.com\\\/clase-2-dental\\\/\"\n    }\n}<\/script>\n\t\t\t\t<\/div>\n\t\t\t\t<\/div>\n\t\t\t\t\t<\/div>\n\t\t<\/div>\n\t\t\t\t\t<\/div>\n\t\t<\/section>\n\t\t\t\t<\/div>","protected":false},"excerpt":{"rendered":"<p>La clase 2 dental es una de las maloclusiones m\u00e1s frecuentes: afecta a entre el 20 y el 30% de la poblaci\u00f3n. Consiste en que la arcada superior est\u00e1 adelantada respecto a la inferior, ya sea por la posici\u00f3n de los dientes, del hueso o de ambos. Tiene tratamiento en todos los casos, y en [&hellip;]<\/p>","protected":false},"author":11,"featured_media":16432,"comment_status":"closed","ping_status":"closed","sticky":false,"template":"elementor_header_footer","format":"standard","meta":{"footnotes":""},"categories":[640],"tags":[],"class_list":["post-16431","post","type-post","status-publish","format-standard","has-post-thumbnail","hentry","category-articulos-generales"],"yoast_head":"<!-- This site is optimized with the Yoast SEO Premium plugin v26.0 (Yoast SEO v26.6) - https:\/\/yoast.com\/wordpress\/plugins\/seo\/ -->\n<title>Clase 2 Dental (Maloclusi\u00f3n Clase II): Tipos, Causas y Tratamiento<\/title>\n<meta name=\"description\" content=\"La clase 2 dental es una maloclusi\u00f3n en la que los dientes superiores est\u00e1n adelantados respecto a los inferiores.\" \/>\n<meta name=\"robots\" content=\"index, follow, max-snippet:-1, max-image-preview:large, max-video-preview:-1\" \/>\n<link rel=\"canonical\" href=\"https:\/\/clinicamarianasacotonavia.com\/en\/clase-2-dental\/\" \/>\n<meta property=\"og:locale\" content=\"en_GB\" \/>\n<meta property=\"og:type\" content=\"article\" \/>\n<meta property=\"og:title\" content=\"Clase 2 Dental: Qu\u00e9 Es, Tipos y C\u00f3mo Corregirla\" \/>\n<meta property=\"og:description\" content=\"La clase 2 dental es una maloclusi\u00f3n en la que los dientes superiores est\u00e1n adelantados respecto a los inferiores.\" \/>\n<meta property=\"og:url\" content=\"https:\/\/clinicamarianasacotonavia.com\/en\/clase-2-dental\/\" \/>\n<meta property=\"og:site_name\" content=\"Clinica Mariana Sacoto Navia\" \/>\n<meta property=\"article:published_time\" content=\"2026-04-22T11:26:27+00:00\" \/>\n<meta property=\"article:modified_time\" content=\"2026-04-28T13:52:22+00:00\" \/>\n<meta property=\"og:image\" content=\"https:\/\/clinicamarianasacotonavia.com\/wp-content\/uploads\/2026\/04\/clase-2-dental.jpg\" \/>\n\t<meta property=\"og:image:width\" content=\"612\" \/>\n\t<meta property=\"og:image:height\" content=\"469\" \/>\n\t<meta property=\"og:image:type\" content=\"image\/jpeg\" \/>\n<meta name=\"author\" content=\"Dra. Mariana Sacoto Navia\" \/>\n<meta name=\"twitter:card\" content=\"summary_large_image\" \/>\n<meta name=\"twitter:label1\" content=\"Written by\" \/>\n\t<meta name=\"twitter:data1\" content=\"Dra. Mariana Sacoto Navia\" \/>\n\t<meta name=\"twitter:label2\" content=\"Estimated reading time\" \/>\n\t<meta name=\"twitter:data2\" content=\"13 minutes\" \/>\n<script type=\"application\/ld+json\" class=\"yoast-schema-graph\">{\"@context\":\"https:\/\/schema.org\",\"@graph\":[{\"@type\":\"WebPage\",\"@id\":\"https:\/\/clinicamarianasacotonavia.com\/clase-2-dental\/\",\"url\":\"https:\/\/clinicamarianasacotonavia.com\/clase-2-dental\/\",\"name\":\"Clase 2 Dental (Maloclusi\u00f3n Clase II): Tipos, Causas y Tratamiento\",\"isPartOf\":{\"@id\":\"https:\/\/clinicamarianasacotonavia.com\/#website\"},\"primaryImageOfPage\":{\"@id\":\"https:\/\/clinicamarianasacotonavia.com\/clase-2-dental\/#primaryimage\"},\"image\":{\"@id\":\"https:\/\/clinicamarianasacotonavia.com\/clase-2-dental\/#primaryimage\"},\"thumbnailUrl\":\"https:\/\/clinicamarianasacotonavia.com\/wp-content\/uploads\/2026\/04\/clase-2-dental.jpg\",\"datePublished\":\"2026-04-22T11:26:27+00:00\",\"dateModified\":\"2026-04-28T13:52:22+00:00\",\"author\":{\"@id\":\"https:\/\/clinicamarianasacotonavia.com\/#\/schema\/person\/94ac72e7863b6b10d223dba49f2279b5\"},\"description\":\"La clase 2 dental es una maloclusi\u00f3n en la que los dientes superiores est\u00e1n adelantados respecto a los inferiores.\",\"breadcrumb\":{\"@id\":\"https:\/\/clinicamarianasacotonavia.com\/clase-2-dental\/#breadcrumb\"},\"inLanguage\":\"en-GB\",\"potentialAction\":[{\"@type\":\"ReadAction\",\"target\":[\"https:\/\/clinicamarianasacotonavia.com\/clase-2-dental\/\"]}]},{\"@type\":\"ImageObject\",\"inLanguage\":\"en-GB\",\"@id\":\"https:\/\/clinicamarianasacotonavia.com\/clase-2-dental\/#primaryimage\",\"url\":\"https:\/\/clinicamarianasacotonavia.com\/wp-content\/uploads\/2026\/04\/clase-2-dental.jpg\",\"contentUrl\":\"https:\/\/clinicamarianasacotonavia.com\/wp-content\/uploads\/2026\/04\/clase-2-dental.jpg\",\"width\":612,\"height\":469,\"caption\":\"Modelo dental mostrando maloclusi\u00f3n clase 2 con arcada superior adelantada\"},{\"@type\":\"BreadcrumbList\",\"@id\":\"https:\/\/clinicamarianasacotonavia.com\/clase-2-dental\/#breadcrumb\",\"itemListElement\":[{\"@type\":\"ListItem\",\"position\":1,\"name\":\"Portada\",\"item\":\"https:\/\/clinicamarianasacotonavia.com\/\"},{\"@type\":\"ListItem\",\"position\":2,\"name\":\"Clase 2 Dental: Qu\u00e9 Es, Tipos y C\u00f3mo Corregirla\"}]},{\"@type\":\"WebSite\",\"@id\":\"https:\/\/clinicamarianasacotonavia.com\/#website\",\"url\":\"https:\/\/clinicamarianasacotonavia.com\/\",\"name\":\"Clinica Mariana Sacoto Navia\",\"description\":\"Ortodoncia Invisible Invisalign en Barcelona\",\"potentialAction\":[{\"@type\":\"SearchAction\",\"target\":{\"@type\":\"EntryPoint\",\"urlTemplate\":\"https:\/\/clinicamarianasacotonavia.com\/?s={search_term_string}\"},\"query-input\":{\"@type\":\"PropertyValueSpecification\",\"valueRequired\":true,\"valueName\":\"search_term_string\"}}],\"inLanguage\":\"en-GB\"},{\"@type\":\"Person\",\"@id\":\"https:\/\/clinicamarianasacotonavia.com\/#\/schema\/person\/94ac72e7863b6b10d223dba49f2279b5\",\"name\":\"Dra. Mariana Sacoto Navia\",\"image\":{\"@type\":\"ImageObject\",\"inLanguage\":\"en-GB\",\"@id\":\"https:\/\/clinicamarianasacotonavia.com\/#\/schema\/person\/image\/\",\"url\":\"https:\/\/secure.gravatar.com\/avatar\/8351c92c0dad868370b2fa698b37c24a1b3f726736cd0c273d3315bd76cee37e?s=96&d=mm&r=g\",\"contentUrl\":\"https:\/\/secure.gravatar.com\/avatar\/8351c92c0dad868370b2fa698b37c24a1b3f726736cd0c273d3315bd76cee37e?s=96&d=mm&r=g\",\"caption\":\"Dra. Mariana Sacoto Navia\"}}]}<\/script>\n<!-- \/ Yoast SEO Premium plugin. -->","yoast_head_json":{"title":"Clase 2 Dental (Maloclusi\u00f3n Clase II): Tipos, Causas y Tratamiento","description":"La clase 2 dental es una maloclusi\u00f3n en la que los dientes superiores est\u00e1n adelantados respecto a los inferiores.","robots":{"index":"index","follow":"follow","max-snippet":"max-snippet:-1","max-image-preview":"max-image-preview:large","max-video-preview":"max-video-preview:-1"},"canonical":"https:\/\/clinicamarianasacotonavia.com\/en\/clase-2-dental\/","og_locale":"en_GB","og_type":"article","og_title":"Clase 2 Dental: Qu\u00e9 Es, Tipos y C\u00f3mo Corregirla","og_description":"La clase 2 dental es una maloclusi\u00f3n en la que los dientes superiores est\u00e1n adelantados respecto a los inferiores.","og_url":"https:\/\/clinicamarianasacotonavia.com\/en\/clase-2-dental\/","og_site_name":"Clinica Mariana Sacoto Navia","article_published_time":"2026-04-22T11:26:27+00:00","article_modified_time":"2026-04-28T13:52:22+00:00","og_image":[{"width":612,"height":469,"url":"https:\/\/clinicamarianasacotonavia.com\/wp-content\/uploads\/2026\/04\/clase-2-dental.jpg","type":"image\/jpeg"}],"author":"Dra. Mariana Sacoto Navia","twitter_card":"summary_large_image","twitter_misc":{"Written by":"Dra. Mariana Sacoto Navia","Estimated reading time":"13 minutes"},"schema":{"@context":"https:\/\/schema.org","@graph":[{"@type":"WebPage","@id":"https:\/\/clinicamarianasacotonavia.com\/clase-2-dental\/","url":"https:\/\/clinicamarianasacotonavia.com\/clase-2-dental\/","name":"Clase 2 Dental (Maloclusi\u00f3n Clase II): Tipos, Causas y Tratamiento","isPartOf":{"@id":"https:\/\/clinicamarianasacotonavia.com\/#website"},"primaryImageOfPage":{"@id":"https:\/\/clinicamarianasacotonavia.com\/clase-2-dental\/#primaryimage"},"image":{"@id":"https:\/\/clinicamarianasacotonavia.com\/clase-2-dental\/#primaryimage"},"thumbnailUrl":"https:\/\/clinicamarianasacotonavia.com\/wp-content\/uploads\/2026\/04\/clase-2-dental.jpg","datePublished":"2026-04-22T11:26:27+00:00","dateModified":"2026-04-28T13:52:22+00:00","author":{"@id":"https:\/\/clinicamarianasacotonavia.com\/#\/schema\/person\/94ac72e7863b6b10d223dba49f2279b5"},"description":"La clase 2 dental es una maloclusi\u00f3n en la que los dientes superiores est\u00e1n adelantados respecto a los inferiores.","breadcrumb":{"@id":"https:\/\/clinicamarianasacotonavia.com\/clase-2-dental\/#breadcrumb"},"inLanguage":"en-GB","potentialAction":[{"@type":"ReadAction","target":["https:\/\/clinicamarianasacotonavia.com\/clase-2-dental\/"]}]},{"@type":"ImageObject","inLanguage":"en-GB","@id":"https:\/\/clinicamarianasacotonavia.com\/clase-2-dental\/#primaryimage","url":"https:\/\/clinicamarianasacotonavia.com\/wp-content\/uploads\/2026\/04\/clase-2-dental.jpg","contentUrl":"https:\/\/clinicamarianasacotonavia.com\/wp-content\/uploads\/2026\/04\/clase-2-dental.jpg","width":612,"height":469,"caption":"Modelo dental mostrando maloclusi\u00f3n clase 2 con arcada superior adelantada"},{"@type":"BreadcrumbList","@id":"https:\/\/clinicamarianasacotonavia.com\/clase-2-dental\/#breadcrumb","itemListElement":[{"@type":"ListItem","position":1,"name":"Portada","item":"https:\/\/clinicamarianasacotonavia.com\/"},{"@type":"ListItem","position":2,"name":"Clase 2 Dental: Qu\u00e9 Es, Tipos y C\u00f3mo Corregirla"}]},{"@type":"WebSite","@id":"https:\/\/clinicamarianasacotonavia.com\/#website","url":"https:\/\/clinicamarianasacotonavia.com\/","name":"Clinica Mariana Sacoto Navia","description":"Ortodoncia Invisible Invisalign en Barcelona","potentialAction":[{"@type":"SearchAction","target":{"@type":"EntryPoint","urlTemplate":"https:\/\/clinicamarianasacotonavia.com\/?s={search_term_string}"},"query-input":{"@type":"PropertyValueSpecification","valueRequired":true,"valueName":"search_term_string"}}],"inLanguage":"en-GB"},{"@type":"Person","@id":"https:\/\/clinicamarianasacotonavia.com\/#\/schema\/person\/94ac72e7863b6b10d223dba49f2279b5","name":"Dra. Mariana Sacoto Navia","image":{"@type":"ImageObject","inLanguage":"en-GB","@id":"https:\/\/clinicamarianasacotonavia.com\/#\/schema\/person\/image\/","url":"https:\/\/secure.gravatar.com\/avatar\/8351c92c0dad868370b2fa698b37c24a1b3f726736cd0c273d3315bd76cee37e?s=96&d=mm&r=g","contentUrl":"https:\/\/secure.gravatar.com\/avatar\/8351c92c0dad868370b2fa698b37c24a1b3f726736cd0c273d3315bd76cee37e?s=96&d=mm&r=g","caption":"Dra. Mariana Sacoto Navia"}}]}},"_links":{"self":[{"href":"https:\/\/clinicamarianasacotonavia.com\/en\/wp-json\/wp\/v2\/posts\/16431","targetHints":{"allow":["GET"]}}],"collection":[{"href":"https:\/\/clinicamarianasacotonavia.com\/en\/wp-json\/wp\/v2\/posts"}],"about":[{"href":"https:\/\/clinicamarianasacotonavia.com\/en\/wp-json\/wp\/v2\/types\/post"}],"author":[{"embeddable":true,"href":"https:\/\/clinicamarianasacotonavia.com\/en\/wp-json\/wp\/v2\/users\/11"}],"replies":[{"embeddable":true,"href":"https:\/\/clinicamarianasacotonavia.com\/en\/wp-json\/wp\/v2\/comments?post=16431"}],"version-history":[{"count":10,"href":"https:\/\/clinicamarianasacotonavia.com\/en\/wp-json\/wp\/v2\/posts\/16431\/revisions"}],"predecessor-version":[{"id":16446,"href":"https:\/\/clinicamarianasacotonavia.com\/en\/wp-json\/wp\/v2\/posts\/16431\/revisions\/16446"}],"wp:featuredmedia":[{"embeddable":true,"href":"https:\/\/clinicamarianasacotonavia.com\/en\/wp-json\/wp\/v2\/media\/16432"}],"wp:attachment":[{"href":"https:\/\/clinicamarianasacotonavia.com\/en\/wp-json\/wp\/v2\/media?parent=16431"}],"wp:term":[{"taxonomy":"category","embeddable":true,"href":"https:\/\/clinicamarianasacotonavia.com\/en\/wp-json\/wp\/v2\/categories?post=16431"},{"taxonomy":"post_tag","embeddable":true,"href":"https:\/\/clinicamarianasacotonavia.com\/en\/wp-json\/wp\/v2\/tags?post=16431"}],"curies":[{"name":"wp","href":"https:\/\/api.w.org\/{rel}","templated":true}]}}